{"id":2949,"date":"2026-09-01T11:13:10","date_gmt":"2026-09-01T09:13:10","guid":{"rendered":"https:\/\/flamengi.cat\/?p=2949"},"modified":"2026-09-01T14:01:59","modified_gmt":"2026-09-01T12:01:59","slug":"els-nois-del-poble-sec-band-mes-larrossada-popular-dissabte-28-de-novembre-a-les-14h-a-la-placa-de-lom-centre-civic-pont-major","status":"publish","type":"post","link":"https:\/\/flamengi.cat\/es\/els-nois-del-poble-sec-band-mes-larrossada-popular-dissabte-28-de-novembre-a-les-14h-a-la-placa-de-lom-centre-civic-pont-major\/","title":{"rendered":"ELS NOIS DEL POBLE-SEC BAND M\u00c1S LA ARROZADA POPULAR<br> S\u00e1bado 28 de noviembre a las 14h en la Pla\u00e7a de l\u2019Om Centre C\u00edvic Pont Major"},"content":{"rendered":"<div id=\"fws_6a9bcf3ca7fa1\"  data-column-margin=\"default\" data-midnight=\"dark\"  class=\"wpb_row vc_row-fluid vc_row full-width-content vc_row-o-equal-height vc_row-flex vc_row-o-content-top\"  style=\"padding-top: 0px; padding-bottom: 0px; \"><div class=\"row-bg-wrap\" data-bg-animation=\"none\" data-bg-animation-delay=\"\" data-bg-overlay=\"false\"><div class=\"inner-wrap row-bg-layer\" ><div class=\"row-bg viewport-desktop using-bg-color\"  style=\"background-color: #412939; \"><\/div><\/div><\/div><div class=\"row_col_wrap_12 col span_12 dark left\">\n\t<div  class=\"vc_col-sm-12 wpb_column column_container vc_column_container col centered-text padding-5-percent inherit_tablet inherit_phone\"  data-border-radius=\"10px\" data-padding-pos=\"all\" data-has-bg-color=\"false\" data-bg-color=\"\" data-bg-opacity=\"1\" data-animation=\"\" data-delay=\"0\" >\n\t\t<div class=\"vc_column-inner\" >\n\t\t\t<div class=\"wpb_wrapper\">\n\t\t\t\t<div class=\"nectar-cta  alignment_tablet_default alignment_phone_default display_tablet_inherit display_phone_inherit\" data-color=\"accent-color\" data-using-bg=\"true\" data-style=\"arrow-animation\" data-display=\"inline\" data-alignment=\"left\" data-text-color=\"custom\" ><h4 style=\"color: #ffffff;\"><span class=\"link_wrap\" style=\"padding-top: 20px; padding-right: 40px; padding-bottom: 20px; padding-left: 40px;\"><a target=\"_blank\" class=\"link_text\" href=\"https:\/\/entradium.com\/events\/paella-popular-concierto-els-nois-del-poble-sec-band\"><span class=\"text\">Reserva de entradas<\/span><svg class=\"next-arrow\" aria-hidden=\"true\" width=\"20px\" height=\"25px\" viewbox=\"0 0 50 80\" xml:space=\"preserve\">\n  <polyline stroke=\"#ffffff\" stroke-width=\"9\" fill=\"none\" stroke-linecap=\"round\" stroke-linejoin=\"round\" points=\"0, 0 45, 40 0, 80\"\/>\n  <\/svg>  <span class=\"line\"  style=\"background-color: #ffffff;\"><\/span> <\/a><\/span><\/h4><\/div>\n\t\t\t<\/div> \n\t\t<\/div>\n\t<\/div> \n<\/div><\/div>\n\t\t<div id=\"fws_6a9bcf3ca8a0c\"  data-column-margin=\"default\" data-midnight=\"dark\"  class=\"wpb_row vc_row-fluid vc_row\"  style=\"padding-top: 0px; padding-bottom: 0px; \"><div class=\"row-bg-wrap\" data-bg-animation=\"none\" data-bg-animation-delay=\"\" data-bg-overlay=\"false\"><div class=\"inner-wrap row-bg-layer\" ><div class=\"row-bg viewport-desktop\"  style=\"\"><\/div><\/div><\/div><div class=\"row_col_wrap_12 col span_12 dark left\">\n\t<div  class=\"vc_col-sm-12 wpb_column column_container vc_column_container col padding-2-percent inherit_tablet inherit_phone\"  data-padding-pos=\"all\" data-has-bg-color=\"false\" data-bg-color=\"\" data-bg-opacity=\"1\" data-animation=\"\" data-delay=\"0\" >\n\t\t<div class=\"vc_column-inner\" >\n\t\t\t<div class=\"wpb_wrapper\">\n\t\t\t\t\n<div class=\"wpb_text_column wpb_content_element\" >\n\t<div class=\"wpb_wrapper\">\n\t\t<p><strong>Arrozada popular &amp; concierto de rumba<\/strong><\/p>\n<p>La Arrozada Popular es una de las citas m\u00e1s esperadas y emblem\u00e1ticas de FlamenGI. Celebrada al aire libre en el patio del Centro C\u00edvico de Pont Major, este encuentro festivo pone el punto final al festival con una jornada abierta a toda la ciudadan\u00eda, donde la gastronom\u00eda, la m\u00fasica y la convivencia se convierten en protagonistas.<\/p>\n<p>Este a\u00f1o, la celebraci\u00f3n contar\u00e1 con la actuaci\u00f3n de \u201c<strong>Els Nois del Poble-sec Band<\/strong>\u201d, la banda nacida del d\u00fao barcelon\u00e9s formado por <strong>Edgar Plat\u00f3n y Adri\u00e0 Torrero<\/strong>, referente de la rumba catalana m\u00e1s aut\u00e9ntica y festiva. Con un repertorio que combina los grandes cl\u00e1sicos del g\u00e9nero con versiones llenas de personalidad y una puesta en escena cargada de energ\u00eda, el grupo transforma cada concierto en una aut\u00e9ntica fiesta popular, invitando al p\u00fablico a cantar, bailar y compartir el esp\u00edritu alegre y comunitario de la rumba.<\/p>\n<p>Una clausura pensada para celebrar el flamenco y la cultura popular en un ambiente cercano, familiar y participativo, fiel a la esencia de FlamenGI.<\/p>\n<p><strong>Men\u00fa: arroz mar y monta\u00f1a, pan, agua y torta de crema. Servicio de bar durante toda la jornada.<\/strong><\/p>\n<p><strong>Int\u00e9rpretes:<\/strong><\/p>\n<p><strong>Adri\u00e0 Torrero:<\/strong> voz<\/p>\n<p><strong>Edgar Plat\u00f3n:<\/strong> guitarra<\/p>\n<p><strong>Oriol Fit\u00e9:<\/strong> segunda guitarra y segunda voz<\/p>\n<p><strong>Aurea Hermi:<\/strong> Caj\u00f3n y percusi\u00f3n flamenco<\/p>\n<p><strong>Mar Cobo;<\/strong> baile y palmas<\/p>\n<p><strong>\u00c1lvaro L\u00f3pez:<\/strong> palmas y caj\u00f3n<\/p>\n<p><strong>Tipolog\u00eda:<\/strong> Rumba catalana<\/p>\n<p><strong>Fecha y hora:<\/strong> 28 de noviembre a las 14h<\/p>\n<p><strong>Espacio:<\/strong> Pla\u00e7a de l\u2019Om Centre C\u00edvic Pont Major<\/p>\n<p><strong>Precio arrozal 15\u20ac<\/strong><\/p>\n\t<\/div>\n<\/div>\n\n\n\n<div id=\"fws_6a9bcf3ca907f\" data-midnight=\"\" data-column-margin=\"default\" class=\"wpb_row vc_row-fluid vc_row inner_row vc_row-o-equal-height vc_row-flex vc_row-o-content-middle\"  style=\"\"><div class=\"row-bg-wrap\"> <div class=\"row-bg\" ><\/div> <\/div><div class=\"row_col_wrap_12_inner col span_12  left\">\n\t<div style=\"\" class=\"vc_col-sm-12 wpb_column column_container vc_column_container col child_column padding-3-percent inherit_tablet inherit_phone\"  data-using-bg=\"true\" data-shadow=\"medium_depth\" data-border-radius=\"10px\" data-padding-pos=\"all\" data-has-bg-color=\"true\" data-bg-color=\"#573278\" data-bg-opacity=\"1\" data-animation=\"\" data-delay=\"0\" >\n\t\t<div class=\"vc_column-inner\" ><div class=\"column-bg-overlay-wrap column-bg-layer\" data-bg-animation=\"none\"><div class=\"column-bg-overlay\" style=\"opacity: 1; background-color: #573278;\"><\/div><\/div>\n\t\t<div class=\"wpb_wrapper\">\n\t\t\t\n<div class=\"wpb_text_column wpb_content_element\" >\n\t<div class=\"wpb_wrapper\">\n\t\t<h3 style=\"color: #ffffff;\">Fecha: 28 de Noviembre<br \/>\n<span style=\"color: #ffffff;\">Hora:<\/span> 14:00h<br \/>\n<span style=\"color: #ffffff;\">Lugar: <\/span>\u00a0Pla\u00e7a de l\u2019Om Centre C\u00edvic Pont Major<\/h3>\n\t<\/div>\n<\/div>\n\n\n\n\n\t\t<\/div> \n\t<\/div>\n\t<\/div> \n<\/div><\/div>\n\t\t\t<\/div> \n\t\t<\/div>\n\t<\/div> \n<\/div><\/div>\n\t\t<div id=\"fws_6a9bcf3ca9862\"  data-column-margin=\"default\" data-midnight=\"dark\" data-top-percent=\"2%\" data-bottom-percent=\"2%\" data-nectar-animated-gradient-settings=\"{&quot;color_1&quot;:&quot;#f1e5c1&quot;,&quot;color_2&quot;:&quot;#f1e5c1&quot;,&quot;speed&quot;:&quot;1300&quot;,&quot;blending_mode&quot;:&quot;linear&quot;}\"  class=\"wpb_row vc_row-fluid vc_row full-width-content vc_row-o-equal-height vc_row-flex vc_row-o-content-top  top_margin_5pct scale_desktop_1-02 rotate_desktop_2deg nectar-overflow-hidden\"  style=\"padding-top: calc(100vw * 0.02); padding-bottom: calc(100vw * 0.02); \"><div class=\"row-bg-wrap has-animated-gradient\" data-bg-animation=\"none\" data-bg-animation-delay=\"\" data-bg-overlay=\"false\"><div class=\"inner-wrap row-bg-layer\" ><div class=\"row-bg viewport-desktop using-bg-color\"  style=\"background-color: #c7e7e8; \"><\/div><\/div><div class=\"row-bg-overlay row-bg-layer\" style=\"\"><\/div><\/div><div class=\"row_col_wrap_12 col span_12 dark left\">\n\t<div  class=\"vc_col-sm-12 wpb_column column_container vc_column_container col no-extra-padding el_spacing_0px inherit_tablet inherit_phone\"  data-padding-pos=\"all\" data-has-bg-color=\"false\" data-bg-color=\"\" data-bg-opacity=\"1\" data-animation=\"\" data-delay=\"0\" data-scroll-animation=\"true\" data-scroll-animation-movement=\"transform_x\" data-scroll-animation-mobile=\"true\" data-scroll-animation-intensity=\"-2.5\" >\n\t\t<div class=\"vc_column-inner\" >\n\t\t\t<div class=\"wpb_wrapper\">\n\t\t\t\t<div class=\"nectar-scrolling-text font_size_4vw font_size_mobile_9vw text_space_medium\" data-style=\"default\" data-s-dir=\"rtl\" data-spacing=\"true\" data-outline-thickness=\"thin\" data-s-speed=\"slowest\" data-overflow=\"visible\" ><div class=\"nectar-scrolling-text-inner\" style=\"color: #ffffff;\">\n<h2>ELS NOIS DEL POBLE-SEC BAND M\u00c1S LA ARROZADA POPULAR | S\u00e1bado 28 de noviembre<\/h2>\n\n<h2>ELS NOIS DEL POBLE-SEC BAND M\u00c1S LA ARROZADA POPULAR | S\u00e1bado 28 de noviembre<\/h2>\n\n<h2>ELS NOIS DEL POBLE-SEC BAND M\u00c1S LA ARROZADA POPULAR | S\u00e1bado 28 de noviembre<\/h2>\n\n<h2>ELS NOIS DEL POBLE-SEC BAND M\u00c1S LA ARROZADA POPULAR | S\u00e1bado 28 de noviembre<\/h2>\n\n<h2>ELS NOIS DEL POBLE-SEC BAND M\u00c1S LA ARROZADA POPULAR | S\u00e1bado 28 de noviembre<\/h2>\n<\/div><\/div>\n\t\t\t<\/div> \n\t\t<\/div>\n\t<\/div> \n<\/div><\/div>\n\t\t<div id=\"fws_6a9bcf3ca9fda\"  data-column-margin=\"default\" data-midnight=\"dark\" data-top-percent=\"2%\" data-bottom-percent=\"2%\" data-nectar-animated-gradient-settings=\"{&quot;color_1&quot;:&quot;#f1e5c1&quot;,&quot;color_2&quot;:&quot;#f1e5c1&quot;,&quot;speed&quot;:&quot;1300&quot;,&quot;blending_mode&quot;:&quot;linear&quot;}\"  class=\"wpb_row vc_row-fluid vc_row full-width-content vc_row-o-equal-height vc_row-flex vc_row-o-content-top  bottom_margin_5pct zindex-set scale_desktop_1-02 rotate_desktop_358deg nectar-overflow-hidden\"  style=\"padding-top: calc(100vw * 0.02); padding-bottom: calc(100vw * 0.02);  z-index: 20;\"><div class=\"row-bg-wrap has-animated-gradient\" data-bg-animation=\"none\" data-bg-animation-delay=\"\" data-bg-overlay=\"false\"><div class=\"inner-wrap row-bg-layer\" ><div class=\"row-bg viewport-desktop using-bg-color\"  style=\"background-color: #c7e7e8; \"><\/div><\/div><\/div><div class=\"row_col_wrap_12 col span_12 dark left\">\n\t<div  class=\"vc_col-sm-12 wpb_column column_container vc_column_container col no-extra-padding el_spacing_0px inherit_tablet inherit_phone\"  data-padding-pos=\"all\" data-has-bg-color=\"false\" data-bg-color=\"\" data-bg-opacity=\"1\" data-animation=\"\" data-delay=\"0\" data-scroll-animation=\"true\" data-scroll-animation-movement=\"transform_x\" data-scroll-animation-mobile=\"true\" data-scroll-animation-intensity=\"2.5\" >\n\t\t<div class=\"vc_column-inner\" >\n\t\t\t<div class=\"wpb_wrapper\">\n\t\t\t\t<div class=\"nectar-scrolling-text font_size_4vw font_size_mobile_9vw text_space_medium\" data-style=\"default\" data-s-dir=\"ltr\" data-spacing=\"true\" data-outline-thickness=\"thin\" data-s-speed=\"slowest\" data-overflow=\"visible\" ><div class=\"nectar-scrolling-text-inner\" style=\"color: #ffffff;\">\n<h2>ELS NOIS DEL POBLE-SEC BAND M\u00c1S LA ARROZADA POPULAR | S\u00e1bado 28 de noviembre<\/h2>\n\n<h2>ELS NOIS DEL POBLE-SEC BAND M\u00c1S LA ARROZADA POPULAR | S\u00e1bado 28 de noviembre<\/h2>\n\n<h2>ELS NOIS DEL POBLE-SEC BAND M\u00c1S LA ARROZADA POPULAR | S\u00e1bado 28 de noviembre<\/h2>\n\n<h2>ELS NOIS DEL POBLE-SEC BAND M\u00c1S LA ARROZADA POPULAR | S\u00e1bado 28 de noviembre<\/h2>\n\n<h2>ELS NOIS DEL POBLE-SEC BAND M\u00c1S LA ARROZADA POPULAR | S\u00e1bado 28 de noviembre<\/h2>\n<\/div><\/div>\n\t\t\t<\/div> \n\t\t<\/div>\n\t<\/div> \n<\/div><\/div>\n\t\t<div id=\"fws_6a9bcf3caa69e\"  data-column-margin=\"default\" data-midnight=\"dark\"  class=\"wpb_row vc_row-fluid vc_row\"  style=\"padding-top: 0px; padding-bottom: 0px; \"><div class=\"row-bg-wrap\" data-bg-animation=\"none\" data-bg-animation-delay=\"\" data-bg-overlay=\"false\"><div class=\"inner-wrap row-bg-layer\" ><div class=\"row-bg viewport-desktop\"  style=\"\"><\/div><\/div><\/div><div class=\"row_col_wrap_12 col span_12 dark left\">\n\t<div  class=\"vc_col-sm-12 wpb_column column_container vc_column_container col padding-3-percent inherit_tablet inherit_phone\"  data-padding-pos=\"all\" data-has-bg-color=\"false\" data-bg-color=\"\" data-bg-opacity=\"1\" data-animation=\"\" data-delay=\"0\" >\n\t\t<div class=\"vc_column-inner\" >\n\t\t\t<div class=\"wpb_wrapper\">\n\t\t\t\t\n\t<div class=\"wpb_gallery wpb_content_element clearfix\">\n\t\t<div class=\"wpb_wrapper\"><div class=\"wpb_gallery_slidesnectarslider_style\" data-onclick=\"link_no\" data-interval=\"5\"><div class=\"nectar-slider-wrap\" style=\"height: 667pxpx\" data-flexible-height=\"\" data-overall_style=\"classic\" data-button-styling=\"btn_with_count\" data-fullscreen=\"false\"  data-full-width=\"false\" data-parallax=\"false\" data-autorotate=\"5500\" id=\"ns-id-6a9bcf3caaf40\"><div class=\"swiper-container\" style=\"height: 667pxpx\"  data-loop=\"true\" data-height=\"667px\" data-bullets=\"\" data-bullet_style=\"see_through\" data-arrows=\"true\" data-desktop-swipe=\"true\" data-settings=\"\"><div class=\"swiper-wrapper\"><div class=\"swiper-slide\" data-bg-alignment=\"center\" data-color-scheme=\"light\" data-x-pos=\"centered\" data-y-pos=\"middle\"><div class=\"image-bg\" style=\"background-image: url(https:\/\/flamengi.cat\/wp-content\/uploads\/2026\/08\/ChatGPT-Image-10-jun-2026-10_50_23.png);\">  &nbsp; <\/div><span class=\"ie-fix\"><\/span> <\/div><!--\/swiper-slide--><\/div><a href=\"\" class=\"slider-prev\"><i class=\"icon-salient-left-arrow\"><\/i> <div class=\"slide-count\"> <span class=\"slide-current\">1<\/span> <i class=\"icon-salient-right-line\"><\/i> <span class=\"slide-total\"><\/span> <\/div> <\/a>\n\t\t\t     \t\t<a href=\"\" class=\"slider-next\"><i class=\"icon-salient-right-arrow\"><\/i> <div class=\"slide-count\"> <span class=\"slide-current\">1<\/span> <i class=\"icon-salient-right-line\"><\/i> <span class=\"slide-total\"><\/span> <\/div> <\/a><div class=\"nectar-slider-loading\"><\/div><\/div><\/div><\/div>\n\t\t<\/div> \n\t<\/div> \n\t\t\t<\/div> \n\t\t<\/div>\n\t<\/div> \n<\/div><\/div>\n\t\t<div id=\"fws_6a9bcf3cab5f6\"  data-column-margin=\"default\" data-midnight=\"dark\"  class=\"wpb_row vc_row-fluid vc_row\"  style=\"padding-top: 0px; padding-bottom: 0px; \"><div class=\"row-bg-wrap\" data-bg-animation=\"none\" data-bg-animation-delay=\"\" data-bg-overlay=\"false\"><div class=\"inner-wrap row-bg-layer\" ><div class=\"row-bg viewport-desktop\"  style=\"\"><\/div><\/div><\/div><div class=\"row_col_wrap_12 col span_12 dark left\">\n\t<div  class=\"vc_col-sm-12 wpb_column column_container vc_column_container col no-extra-padding inherit_tablet inherit_phone\"  data-padding-pos=\"all\" data-has-bg-color=\"false\" data-bg-color=\"\" data-bg-opacity=\"1\" data-animation=\"\" data-delay=\"0\" >\n\t\t<div class=\"vc_column-inner\" >\n\t\t\t<div class=\"wpb_wrapper\">\n\t\t\t\t\n\t<div class=\"wpb_video_widget wpb_content_element vc_clearfix   vc_video-aspect-ratio-169 vc_video-el-width-100 vc_video-align-left\" >\n\t\t<div class=\"wpb_wrapper\">\n\t\t\t\n\t\t\t<div class=\"wpb_video_wrapper\"><iframe loading=\"lazy\" title=\"Els Nois del Poble-Sec en la Belter - Resumen #rumba #viernes\" width=\"563\" height=\"1000\" src=\"https:\/\/www.youtube.com\/embed\/LiYCqvREvS8?feature=oembed\" frameborder=\"0\" allow=\"accelerometer; autoplay; clipboard-write; encrypted-media; gyroscope; picture-in-picture; web-share\" referrerpolicy=\"strict-origin-when-cross-origin\" allowfullscreen><\/iframe><\/div>\n\t\t<\/div>\n\t<\/div>\n\n\t<div class=\"wpb_video_widget wpb_content_element vc_clearfix   vc_video-aspect-ratio-169 vc_video-el-width-100 vc_video-align-left\" >\n\t\t<div class=\"wpb_wrapper\">\n\t\t\t\n\t\t\t<div class=\"wpb_video_wrapper\"><iframe loading=\"lazy\" title=\"Els Nois del Poble-Sec en la Belter - &amp;apos;La Llama del amor&amp;apos; #rumba #viernes\" width=\"563\" height=\"1000\" src=\"https:\/\/www.youtube.com\/embed\/VWpxV-wWqAs?feature=oembed\" frameborder=\"0\" allow=\"accelerometer; autoplay; clipboard-write; encrypted-media; gyroscope; picture-in-picture; web-share\" referrerpolicy=\"strict-origin-when-cross-origin\" allowfullscreen><\/iframe><\/div>\n\t\t<\/div>\n\t<\/div>\n\n\t\t\t<\/div> \n\t\t<\/div>\n\t<\/div> \n<\/div><\/div>","protected":false},"excerpt":{"rendered":"Reserva d'entrades Arrossada popular &amp; concert de rumba L'Arrossada Popular \u00e9s una de les cites m\u00e9s esperades i emblem\u00e0tiques de FlamenGI. Celebrada a l'aire lliure al pati del Centre C\u00edvic...","protected":false},"author":4,"featured_media":2951,"comment_status":"closed","ping_status":"closed","sticky":false,"template":"","format":"standard","meta":{"footnotes":""},"categories":[122],"tags":[],"class_list":["post-2949","post","type-post","status-publish","format-standard","has-post-thumbnail","category-edicio-2026"],"yoast_head":"<!-- This site is optimized with the Yoast SEO Premium plugin v19.5 (Yoast SEO v27.8) - https:\/\/yoast.com\/product\/yoast-seo-premium-wordpress\/ -->\n<title>FLAMENGI FESTIVAL<\/title>\n<meta name=\"robots\" content=\"index, follow, max-snippet:-1, max-image-preview:large, max-video-preview:-1\" \/>\n<link rel=\"canonical\" href=\"https:\/\/flamengi.cat\/es\/els-nois-del-poble-sec-band-mes-larrossada-popular-dissabte-28-de-novembre-a-les-14h-a-la-placa-de-lom-centre-civic-pont-major\/\" \/>\n<meta property=\"og:locale\" content=\"es_ES\" \/>\n<meta property=\"og:type\" content=\"article\" \/>\n<meta property=\"og:title\" content=\"ELS NOIS DEL POBLE-SEC BAND M\u00c9S L\u2019ARROSSADA POPULAR Dissabte 28 de novembre a les 14h a la Pla\u00e7a de l\u2019Om Centre C\u00edvic Pont Major\" \/>\n<meta property=\"og:url\" content=\"https:\/\/flamengi.cat\/es\/els-nois-del-poble-sec-band-mes-larrossada-popular-dissabte-28-de-novembre-a-les-14h-a-la-placa-de-lom-centre-civic-pont-major\/\" \/>\n<meta property=\"og:site_name\" content=\"FLAMENGI FESTIVAL\" \/>\n<meta property=\"article:publisher\" content=\"https:\/\/www.facebook.com\/flamengi.festival\" \/>\n<meta property=\"article:published_time\" content=\"2026-09-01T09:13:10+00:00\" \/>\n<meta property=\"article:modified_time\" content=\"2026-09-01T12:01:59+00:00\" \/>\n<meta property=\"og:image\" content=\"http:\/\/flamengi.cat\/wp-content\/uploads\/2026\/08\/ChatGPT-Image-10-jun-2026-10_50_23-1024x768.png\" \/>\n\t<meta property=\"og:image:width\" content=\"1024\" \/>\n\t<meta property=\"og:image:height\" content=\"768\" \/>\n\t<meta property=\"og:image:type\" content=\"image\/png\" \/>\n<meta name=\"author\" content=\"Neoserveis\" \/>\n<meta name=\"twitter:card\" content=\"summary_large_image\" \/>\n<meta name=\"twitter:creator\" content=\"@flamengif\" \/>\n<meta name=\"twitter:site\" content=\"@flamengif\" \/>\n<meta name=\"twitter:label1\" content=\"Escrito por\" \/>\n\t<meta name=\"twitter:data1\" content=\"Neoserveis\" \/>\n\t<meta name=\"twitter:label2\" content=\"Tiempo de lectura\" \/>\n\t<meta name=\"twitter:data2\" content=\"4 minutos\" \/>\n<script type=\"application\/ld+json\" class=\"yoast-schema-graph\">{\"@context\":\"https:\\\/\\\/schema.org\",\"@graph\":[{\"@type\":\"Article\",\"@id\":\"https:\\\/\\\/flamengi.cat\\\/els-nois-del-poble-sec-band-mes-larrossada-popular-dissabte-28-de-novembre-a-les-14h-a-la-placa-de-lom-centre-civic-pont-major\\\/#article\",\"isPartOf\":{\"@id\":\"https:\\\/\\\/flamengi.cat\\\/els-nois-del-poble-sec-band-mes-larrossada-popular-dissabte-28-de-novembre-a-les-14h-a-la-placa-de-lom-centre-civic-pont-major\\\/\"},\"author\":{\"name\":\"Neoserveis\",\"@id\":\"https:\\\/\\\/flamengi.cat\\\/#\\\/schema\\\/person\\\/99252030689047d68b309be665c89c41\"},\"headline\":\"ELS NOIS DEL POBLE-SEC BAND M\u00c9S L\u2019ARROSSADA POPULAR Dissabte 28 de novembre a les 14h a la Pla\u00e7a de l\u2019Om Centre C\u00edvic Pont Major\",\"datePublished\":\"2026-09-01T09:13:10+00:00\",\"dateModified\":\"2026-09-01T12:01:59+00:00\",\"mainEntityOfPage\":{\"@id\":\"https:\\\/\\\/flamengi.cat\\\/els-nois-del-poble-sec-band-mes-larrossada-popular-dissabte-28-de-novembre-a-les-14h-a-la-placa-de-lom-centre-civic-pont-major\\\/\"},\"wordCount\":1801,\"image\":{\"@id\":\"https:\\\/\\\/flamengi.cat\\\/els-nois-del-poble-sec-band-mes-larrossada-popular-dissabte-28-de-novembre-a-les-14h-a-la-placa-de-lom-centre-civic-pont-major\\\/#primaryimage\"},\"thumbnailUrl\":\"https:\\\/\\\/flamengi.cat\\\/wp-content\\\/uploads\\\/2026\\\/08\\\/ChatGPT-Image-10-jun-2026-10_50_23.png\",\"articleSection\":[\"Edici\u00f3 2026\"],\"inLanguage\":\"es\"},{\"@type\":\"WebPage\",\"@id\":\"https:\\\/\\\/flamengi.cat\\\/els-nois-del-poble-sec-band-mes-larrossada-popular-dissabte-28-de-novembre-a-les-14h-a-la-placa-de-lom-centre-civic-pont-major\\\/\",\"url\":\"https:\\\/\\\/flamengi.cat\\\/els-nois-del-poble-sec-band-mes-larrossada-popular-dissabte-28-de-novembre-a-les-14h-a-la-placa-de-lom-centre-civic-pont-major\\\/\",\"name\":\"ELS NOIS DEL POBLE-SEC BAND M\u00c9S L\u2019ARROSSADA POPULAR Dissabte 28 de novembre a les 14h a la Pla\u00e7a de l\u2019Om Centre C\u00edvic Pont Major - FLAMENGI FESTIVAL\",\"isPartOf\":{\"@id\":\"https:\\\/\\\/flamengi.cat\\\/#website\"},\"primaryImageOfPage\":{\"@id\":\"https:\\\/\\\/flamengi.cat\\\/els-nois-del-poble-sec-band-mes-larrossada-popular-dissabte-28-de-novembre-a-les-14h-a-la-placa-de-lom-centre-civic-pont-major\\\/#primaryimage\"},\"image\":{\"@id\":\"https:\\\/\\\/flamengi.cat\\\/els-nois-del-poble-sec-band-mes-larrossada-popular-dissabte-28-de-novembre-a-les-14h-a-la-placa-de-lom-centre-civic-pont-major\\\/#primaryimage\"},\"thumbnailUrl\":\"https:\\\/\\\/flamengi.cat\\\/wp-content\\\/uploads\\\/2026\\\/08\\\/ChatGPT-Image-10-jun-2026-10_50_23.png\",\"datePublished\":\"2026-09-01T09:13:10+00:00\",\"dateModified\":\"2026-09-01T12:01:59+00:00\",\"author\":{\"@id\":\"https:\\\/\\\/flamengi.cat\\\/#\\\/schema\\\/person\\\/99252030689047d68b309be665c89c41\"},\"breadcrumb\":{\"@id\":\"https:\\\/\\\/flamengi.cat\\\/els-nois-del-poble-sec-band-mes-larrossada-popular-dissabte-28-de-novembre-a-les-14h-a-la-placa-de-lom-centre-civic-pont-major\\\/#breadcrumb\"},\"inLanguage\":\"es\",\"potentialAction\":[{\"@type\":\"ReadAction\",\"target\":[\"https:\\\/\\\/flamengi.cat\\\/els-nois-del-poble-sec-band-mes-larrossada-popular-dissabte-28-de-novembre-a-les-14h-a-la-placa-de-lom-centre-civic-pont-major\\\/\"]}]},{\"@type\":\"ImageObject\",\"inLanguage\":\"es\",\"@id\":\"https:\\\/\\\/flamengi.cat\\\/els-nois-del-poble-sec-band-mes-larrossada-popular-dissabte-28-de-novembre-a-les-14h-a-la-placa-de-lom-centre-civic-pont-major\\\/#primaryimage\",\"url\":\"https:\\\/\\\/flamengi.cat\\\/wp-content\\\/uploads\\\/2026\\\/08\\\/ChatGPT-Image-10-jun-2026-10_50_23.png\",\"contentUrl\":\"https:\\\/\\\/flamengi.cat\\\/wp-content\\\/uploads\\\/2026\\\/08\\\/ChatGPT-Image-10-jun-2026-10_50_23.png\",\"width\":1067,\"height\":800},{\"@type\":\"BreadcrumbList\",\"@id\":\"https:\\\/\\\/flamengi.cat\\\/els-nois-del-poble-sec-band-mes-larrossada-popular-dissabte-28-de-novembre-a-les-14h-a-la-placa-de-lom-centre-civic-pont-major\\\/#breadcrumb\",\"itemListElement\":[{\"@type\":\"ListItem\",\"position\":1,\"name\":\"Inici\",\"item\":\"https:\\\/\\\/flamengi.cat\\\/\"},{\"@type\":\"ListItem\",\"position\":2,\"name\":\"ELS NOIS DEL POBLE-SEC BAND M\u00c9S L\u2019ARROSSADA POPULAR Dissabte 28 de novembre a les 14h a la Pla\u00e7a de l\u2019Om Centre C\u00edvic Pont Major\"}]},{\"@type\":\"WebSite\",\"@id\":\"https:\\\/\\\/flamengi.cat\\\/#website\",\"url\":\"https:\\\/\\\/flamengi.cat\\\/\",\"name\":\"FLAMENGI FESTIVAL\",\"description\":\"Festival Flamenc de Girona\",\"potentialAction\":[{\"@type\":\"SearchAction\",\"target\":{\"@type\":\"EntryPoint\",\"urlTemplate\":\"https:\\\/\\\/flamengi.cat\\\/?s={search_term_string}\"},\"query-input\":{\"@type\":\"PropertyValueSpecification\",\"valueRequired\":true,\"valueName\":\"search_term_string\"}}],\"inLanguage\":\"es\"},{\"@type\":\"Person\",\"@id\":\"https:\\\/\\\/flamengi.cat\\\/#\\\/schema\\\/person\\\/99252030689047d68b309be665c89c41\",\"name\":\"Neoserveis\",\"image\":{\"@type\":\"ImageObject\",\"inLanguage\":\"es\",\"@id\":\"https:\\\/\\\/secure.gravatar.com\\\/avatar\\\/d8d15510fd9d2ea0dab012c24b4fd873280996e13c5f523dcfe6d9310d6cd5ac?s=96&d=mm&r=g\",\"url\":\"https:\\\/\\\/secure.gravatar.com\\\/avatar\\\/d8d15510fd9d2ea0dab012c24b4fd873280996e13c5f523dcfe6d9310d6cd5ac?s=96&d=mm&r=g\",\"contentUrl\":\"https:\\\/\\\/secure.gravatar.com\\\/avatar\\\/d8d15510fd9d2ea0dab012c24b4fd873280996e13c5f523dcfe6d9310d6cd5ac?s=96&d=mm&r=g\",\"caption\":\"Neoserveis\"},\"url\":\"https:\\\/\\\/flamengi.cat\\\/es\\\/author\\\/neoserveis\\\/\"}]}<\/script>\n<!-- \/ Yoast SEO Premium plugin. -->","yoast_head_json":{"title":"FLAMENGI FESTIVAL","robots":{"index":"index","follow":"follow","max-snippet":"max-snippet:-1","max-image-preview":"max-image-preview:large","max-video-preview":"max-video-preview:-1"},"canonical":"https:\/\/flamengi.cat\/es\/els-nois-del-poble-sec-band-mes-larrossada-popular-dissabte-28-de-novembre-a-les-14h-a-la-placa-de-lom-centre-civic-pont-major\/","og_locale":"es_ES","og_type":"article","og_title":"ELS NOIS DEL POBLE-SEC BAND M\u00c9S L\u2019ARROSSADA POPULAR Dissabte 28 de novembre a les 14h a la Pla\u00e7a de l\u2019Om Centre C\u00edvic Pont Major","og_url":"https:\/\/flamengi.cat\/es\/els-nois-del-poble-sec-band-mes-larrossada-popular-dissabte-28-de-novembre-a-les-14h-a-la-placa-de-lom-centre-civic-pont-major\/","og_site_name":"FLAMENGI FESTIVAL","article_publisher":"https:\/\/www.facebook.com\/flamengi.festival","article_published_time":"2026-09-01T09:13:10+00:00","article_modified_time":"2026-09-01T12:01:59+00:00","og_image":[{"width":1024,"height":768,"url":"http:\/\/flamengi.cat\/wp-content\/uploads\/2026\/08\/ChatGPT-Image-10-jun-2026-10_50_23-1024x768.png","type":"image\/png"}],"author":"Neoserveis","twitter_card":"summary_large_image","twitter_creator":"@flamengif","twitter_site":"@flamengif","twitter_misc":{"Escrito por":"Neoserveis","Tiempo de lectura":"4 minutos"},"schema":{"@context":"https:\/\/schema.org","@graph":[{"@type":"Article","@id":"https:\/\/flamengi.cat\/els-nois-del-poble-sec-band-mes-larrossada-popular-dissabte-28-de-novembre-a-les-14h-a-la-placa-de-lom-centre-civic-pont-major\/#article","isPartOf":{"@id":"https:\/\/flamengi.cat\/els-nois-del-poble-sec-band-mes-larrossada-popular-dissabte-28-de-novembre-a-les-14h-a-la-placa-de-lom-centre-civic-pont-major\/"},"author":{"name":"Neoserveis","@id":"https:\/\/flamengi.cat\/#\/schema\/person\/99252030689047d68b309be665c89c41"},"headline":"ELS NOIS DEL POBLE-SEC BAND M\u00c9S L\u2019ARROSSADA POPULAR Dissabte 28 de novembre a les 14h a la Pla\u00e7a de l\u2019Om Centre C\u00edvic Pont Major","datePublished":"2026-09-01T09:13:10+00:00","dateModified":"2026-09-01T12:01:59+00:00","mainEntityOfPage":{"@id":"https:\/\/flamengi.cat\/els-nois-del-poble-sec-band-mes-larrossada-popular-dissabte-28-de-novembre-a-les-14h-a-la-placa-de-lom-centre-civic-pont-major\/"},"wordCount":1801,"image":{"@id":"https:\/\/flamengi.cat\/els-nois-del-poble-sec-band-mes-larrossada-popular-dissabte-28-de-novembre-a-les-14h-a-la-placa-de-lom-centre-civic-pont-major\/#primaryimage"},"thumbnailUrl":"https:\/\/flamengi.cat\/wp-content\/uploads\/2026\/08\/ChatGPT-Image-10-jun-2026-10_50_23.png","articleSection":["Edici\u00f3 2026"],"inLanguage":"es"},{"@type":"WebPage","@id":"https:\/\/flamengi.cat\/els-nois-del-poble-sec-band-mes-larrossada-popular-dissabte-28-de-novembre-a-les-14h-a-la-placa-de-lom-centre-civic-pont-major\/","url":"https:\/\/flamengi.cat\/els-nois-del-poble-sec-band-mes-larrossada-popular-dissabte-28-de-novembre-a-les-14h-a-la-placa-de-lom-centre-civic-pont-major\/","name":"ELS NOIS DEL POBLE-SEC BAND M\u00c9S L\u2019ARROSSADA POPULAR Dissabte 28 de novembre a les 14h a la Pla\u00e7a de l\u2019Om Centre C\u00edvic Pont Major - FLAMENGI FESTIVAL","isPartOf":{"@id":"https:\/\/flamengi.cat\/#website"},"primaryImageOfPage":{"@id":"https:\/\/flamengi.cat\/els-nois-del-poble-sec-band-mes-larrossada-popular-dissabte-28-de-novembre-a-les-14h-a-la-placa-de-lom-centre-civic-pont-major\/#primaryimage"},"image":{"@id":"https:\/\/flamengi.cat\/els-nois-del-poble-sec-band-mes-larrossada-popular-dissabte-28-de-novembre-a-les-14h-a-la-placa-de-lom-centre-civic-pont-major\/#primaryimage"},"thumbnailUrl":"https:\/\/flamengi.cat\/wp-content\/uploads\/2026\/08\/ChatGPT-Image-10-jun-2026-10_50_23.png","datePublished":"2026-09-01T09:13:10+00:00","dateModified":"2026-09-01T12:01:59+00:00","author":{"@id":"https:\/\/flamengi.cat\/#\/schema\/person\/99252030689047d68b309be665c89c41"},"breadcrumb":{"@id":"https:\/\/flamengi.cat\/els-nois-del-poble-sec-band-mes-larrossada-popular-dissabte-28-de-novembre-a-les-14h-a-la-placa-de-lom-centre-civic-pont-major\/#breadcrumb"},"inLanguage":"es","potentialAction":[{"@type":"ReadAction","target":["https:\/\/flamengi.cat\/els-nois-del-poble-sec-band-mes-larrossada-popular-dissabte-28-de-novembre-a-les-14h-a-la-placa-de-lom-centre-civic-pont-major\/"]}]},{"@type":"ImageObject","inLanguage":"es","@id":"https:\/\/flamengi.cat\/els-nois-del-poble-sec-band-mes-larrossada-popular-dissabte-28-de-novembre-a-les-14h-a-la-placa-de-lom-centre-civic-pont-major\/#primaryimage","url":"https:\/\/flamengi.cat\/wp-content\/uploads\/2026\/08\/ChatGPT-Image-10-jun-2026-10_50_23.png","contentUrl":"https:\/\/flamengi.cat\/wp-content\/uploads\/2026\/08\/ChatGPT-Image-10-jun-2026-10_50_23.png","width":1067,"height":800},{"@type":"BreadcrumbList","@id":"https:\/\/flamengi.cat\/els-nois-del-poble-sec-band-mes-larrossada-popular-dissabte-28-de-novembre-a-les-14h-a-la-placa-de-lom-centre-civic-pont-major\/#breadcrumb","itemListElement":[{"@type":"ListItem","position":1,"name":"Inici","item":"https:\/\/flamengi.cat\/"},{"@type":"ListItem","position":2,"name":"ELS NOIS DEL POBLE-SEC BAND M\u00c9S L\u2019ARROSSADA POPULAR Dissabte 28 de novembre a les 14h a la Pla\u00e7a de l\u2019Om Centre C\u00edvic Pont Major"}]},{"@type":"WebSite","@id":"https:\/\/flamengi.cat\/#website","url":"https:\/\/flamengi.cat\/","name":"FLAMENGI FESTIVAL","description":"Festival Flamenc de Girona","potentialAction":[{"@type":"SearchAction","target":{"@type":"EntryPoint","urlTemplate":"https:\/\/flamengi.cat\/?s={search_term_string}"},"query-input":{"@type":"PropertyValueSpecification","valueRequired":true,"valueName":"search_term_string"}}],"inLanguage":"es"},{"@type":"Person","@id":"https:\/\/flamengi.cat\/#\/schema\/person\/99252030689047d68b309be665c89c41","name":"Neoserveis","image":{"@type":"ImageObject","inLanguage":"es","@id":"https:\/\/secure.gravatar.com\/avatar\/d8d15510fd9d2ea0dab012c24b4fd873280996e13c5f523dcfe6d9310d6cd5ac?s=96&d=mm&r=g","url":"https:\/\/secure.gravatar.com\/avatar\/d8d15510fd9d2ea0dab012c24b4fd873280996e13c5f523dcfe6d9310d6cd5ac?s=96&d=mm&r=g","contentUrl":"https:\/\/secure.gravatar.com\/avatar\/d8d15510fd9d2ea0dab012c24b4fd873280996e13c5f523dcfe6d9310d6cd5ac?s=96&d=mm&r=g","caption":"Neoserveis"},"url":"https:\/\/flamengi.cat\/es\/author\/neoserveis\/"}]}},"_links":{"self":[{"href":"https:\/\/flamengi.cat\/es\/wp-json\/wp\/v2\/posts\/2949","targetHints":{"allow":["GET"]}}],"collection":[{"href":"https:\/\/flamengi.cat\/es\/wp-json\/wp\/v2\/posts"}],"about":[{"href":"https:\/\/flamengi.cat\/es\/wp-json\/wp\/v2\/types\/post"}],"author":[{"embeddable":true,"href":"https:\/\/flamengi.cat\/es\/wp-json\/wp\/v2\/users\/4"}],"replies":[{"embeddable":true,"href":"https:\/\/flamengi.cat\/es\/wp-json\/wp\/v2\/comments?post=2949"}],"version-history":[{"count":3,"href":"https:\/\/flamengi.cat\/es\/wp-json\/wp\/v2\/posts\/2949\/revisions"}],"predecessor-version":[{"id":2966,"href":"https:\/\/flamengi.cat\/es\/wp-json\/wp\/v2\/posts\/2949\/revisions\/2966"}],"wp:featuredmedia":[{"embeddable":true,"href":"https:\/\/flamengi.cat\/es\/wp-json\/wp\/v2\/media\/2951"}],"wp:attachment":[{"href":"https:\/\/flamengi.cat\/es\/wp-json\/wp\/v2\/media?parent=2949"}],"wp:term":[{"taxonomy":"category","embeddable":true,"href":"https:\/\/flamengi.cat\/es\/wp-json\/wp\/v2\/categories?post=2949"},{"taxonomy":"post_tag","embeddable":true,"href":"https:\/\/flamengi.cat\/es\/wp-json\/wp\/v2\/tags?post=2949"}],"curies":[{"name":"wp","href":"https:\/\/api.w.org\/{rel}","templated":true}]}}