{"id":2945,"date":"2026-08-31T11:13:10","date_gmt":"2026-08-31T09:13:10","guid":{"rendered":"https:\/\/flamengi.cat\/?p=2945"},"modified":"2026-09-01T14:02:42","modified_gmt":"2026-09-01T12:02:42","slug":"alba-guerrero-posem-veu-a-al-veu-dissabte-28-de-novembre-a-les-11h-a-la-marfa","status":"publish","type":"post","link":"https:\/\/flamengi.cat\/es\/alba-guerrero-posem-veu-a-al-veu-dissabte-28-de-novembre-a-les-11h-a-la-marfa\/","title":{"rendered":"ALBA GUERRERO \u201cPOSEM VEU A AL VEU\u201d<br> S\u00e1bado 28 de noviembre a las 11h en La Marf\u00e0"},"content":{"rendered":"<div id=\"fws_6a9bce02d8a99\"  data-column-margin=\"default\" data-midnight=\"dark\"  class=\"wpb_row vc_row-fluid vc_row full-width-content vc_row-o-equal-height vc_row-flex vc_row-o-content-top\"  style=\"padding-top: 0px; padding-bottom: 0px; \"><div class=\"row-bg-wrap\" data-bg-animation=\"none\" data-bg-animation-delay=\"\" data-bg-overlay=\"false\"><div class=\"inner-wrap row-bg-layer\" ><div class=\"row-bg viewport-desktop using-bg-color\"  style=\"background-color: #412939; \"><\/div><\/div><\/div><div class=\"row_col_wrap_12 col span_12 dark left\">\n\t<div  class=\"vc_col-sm-12 wpb_column column_container vc_column_container col centered-text padding-5-percent inherit_tablet inherit_phone\"  data-border-radius=\"10px\" data-padding-pos=\"all\" data-has-bg-color=\"false\" data-bg-color=\"\" data-bg-opacity=\"1\" data-animation=\"\" data-delay=\"0\" >\n\t\t<div class=\"vc_column-inner\" >\n\t\t\t<div class=\"wpb_wrapper\">\n\t\t\t\t<div class=\"nectar-cta  alignment_tablet_default alignment_phone_default display_tablet_inherit display_phone_inherit\" data-color=\"accent-color\" data-using-bg=\"true\" data-style=\"arrow-animation\" data-display=\"inline\" data-alignment=\"left\" data-text-color=\"custom\" ><h4 style=\"color: #ffffff;\"><span class=\"link_wrap\" style=\"padding-top: 20px; padding-right: 40px; padding-bottom: 20px; padding-left: 40px;\"><a target=\"_blank\" class=\"link_text\" href=\"https:\/\/web2.girona.cat\/agenda\/cat\/agenda_fitxa.php?id=53564&#038;ta=age&#038;jsback=1\"><span class=\"text\">Reserva de entradas<\/span><svg class=\"next-arrow\" aria-hidden=\"true\" width=\"20px\" height=\"25px\" viewbox=\"0 0 50 80\" xml:space=\"preserve\">\n  <polyline stroke=\"#ffffff\" stroke-width=\"9\" fill=\"none\" stroke-linecap=\"round\" stroke-linejoin=\"round\" points=\"0, 0 45, 40 0, 80\"\/>\n  <\/svg>  <span class=\"line\"  style=\"background-color: #ffffff;\"><\/span> <\/a><\/span><\/h4><\/div>\n\t\t\t<\/div> \n\t\t<\/div>\n\t<\/div> \n<\/div><\/div>\n\t\t<div id=\"fws_6a9bce02d9a87\"  data-column-margin=\"default\" data-midnight=\"dark\"  class=\"wpb_row vc_row-fluid vc_row\"  style=\"padding-top: 0px; padding-bottom: 0px; \"><div class=\"row-bg-wrap\" data-bg-animation=\"none\" data-bg-animation-delay=\"\" data-bg-overlay=\"false\"><div class=\"inner-wrap row-bg-layer\" ><div class=\"row-bg viewport-desktop\"  style=\"\"><\/div><\/div><\/div><div class=\"row_col_wrap_12 col span_12 dark left\">\n\t<div  class=\"vc_col-sm-12 wpb_column column_container vc_column_container col padding-2-percent inherit_tablet inherit_phone\"  data-padding-pos=\"all\" data-has-bg-color=\"false\" data-bg-color=\"\" data-bg-opacity=\"1\" data-animation=\"\" data-delay=\"0\" >\n\t\t<div class=\"vc_column-inner\" >\n\t\t\t<div class=\"wpb_wrapper\">\n\t\t\t\t\n<div class=\"wpb_text_column wpb_content_element\" >\n\t<div class=\"wpb_wrapper\">\n\t\t<p><strong>La voz flamenca<\/strong><\/p>\n<p>Una masterclass para adentrarse en la interpretaci\u00f3n del cante flamenco, en un fascinante di\u00e1logo donde la fisiolog\u00eda de la voz se encuentra con la emoci\u00f3n. En el marco de esta actividad, la cantaora y pedagoga Alba Guerrero presentar\u00e1 el libro \u201cT\u00e9cnica vocal flamenca. Gu\u00eda pr\u00e1ctica para conocer, entrenar y cuidar la voz en el canto\u00bb (Garz\u00f3n y Guerrero, 2026. Culbucks). Esta obra pionera, en la que la autora ha volcado toda su experiencia, es el primer tratado de t\u00e9cnica vocal aplicado al flamenco. Fruto de cuatro a\u00f1os de trabajo conjunto con Marina Garz\u00f3n, la publicaci\u00f3n es una gu\u00eda esencial para entrenar la voz flamenca respetando siempre su esencia.<\/p>\n<p><strong>Int\u00e9rpretes:<\/strong> Alba Guerrero<\/p>\n<p><strong>Tipolog\u00eda:<\/strong> Taller<\/p>\n<p><strong>Fecha y hora:<\/strong> 28 de noviembre a las 11h<\/p>\n<p><strong>Espacio:<\/strong> La Marf\u00e0<\/p>\n<p><strong>Precio de la entrada:<\/strong> Gratuito<\/p>\n\t<\/div>\n<\/div>\n\n\n\n<div id=\"fws_6a9bce02da54e\" data-midnight=\"\" data-column-margin=\"default\" class=\"wpb_row vc_row-fluid vc_row inner_row vc_row-o-equal-height vc_row-flex vc_row-o-content-middle\"  style=\"\"><div class=\"row-bg-wrap\"> <div class=\"row-bg\" ><\/div> <\/div><div class=\"row_col_wrap_12_inner col span_12  left\">\n\t<div style=\"\" class=\"vc_col-sm-12 wpb_column column_container vc_column_container col child_column padding-3-percent inherit_tablet inherit_phone\"  data-using-bg=\"true\" data-shadow=\"medium_depth\" data-border-radius=\"10px\" data-padding-pos=\"all\" data-has-bg-color=\"true\" data-bg-color=\"#573278\" data-bg-opacity=\"1\" data-animation=\"\" data-delay=\"0\" >\n\t\t<div class=\"vc_column-inner\" ><div class=\"column-bg-overlay-wrap column-bg-layer\" data-bg-animation=\"none\"><div class=\"column-bg-overlay\" style=\"opacity: 1; background-color: #573278;\"><\/div><\/div>\n\t\t<div class=\"wpb_wrapper\">\n\t\t\t\n<div class=\"wpb_text_column wpb_content_element\" >\n\t<div class=\"wpb_wrapper\">\n\t\t<h3 style=\"color: #ffffff;\">Fecha: 28 de Noviembre<br \/>\n<span style=\"color: #ffffff;\">Hora:<\/span> 11:00h<br \/>\n<span style=\"color: #ffffff;\">Lugar: <\/span>\u00a0La Marf\u00e0<\/h3>\n\t<\/div>\n<\/div>\n\n\n\n\n\t\t<\/div> \n\t<\/div>\n\t<\/div> \n<\/div><\/div>\n\t\t\t<\/div> \n\t\t<\/div>\n\t<\/div> \n<\/div><\/div>\n\t\t<div id=\"fws_6a9bce02db293\"  data-column-margin=\"default\" data-midnight=\"dark\" data-top-percent=\"2%\" data-bottom-percent=\"2%\" data-nectar-animated-gradient-settings=\"{&quot;color_1&quot;:&quot;#f1e5c1&quot;,&quot;color_2&quot;:&quot;#f1e5c1&quot;,&quot;speed&quot;:&quot;1300&quot;,&quot;blending_mode&quot;:&quot;linear&quot;}\"  class=\"wpb_row vc_row-fluid vc_row full-width-content vc_row-o-equal-height vc_row-flex vc_row-o-content-top  top_margin_5pct scale_desktop_1-02 rotate_desktop_2deg nectar-overflow-hidden\"  style=\"padding-top: calc(100vw * 0.02); padding-bottom: calc(100vw * 0.02); \"><div class=\"row-bg-wrap has-animated-gradient\" data-bg-animation=\"none\" data-bg-animation-delay=\"\" data-bg-overlay=\"false\"><div class=\"inner-wrap row-bg-layer\" ><div class=\"row-bg viewport-desktop using-bg-color\"  style=\"background-color: #c7e7e8; \"><\/div><\/div><div class=\"row-bg-overlay row-bg-layer\" style=\"\"><\/div><\/div><div class=\"row_col_wrap_12 col span_12 dark left\">\n\t<div  class=\"vc_col-sm-12 wpb_column column_container vc_column_container col no-extra-padding el_spacing_0px inherit_tablet inherit_phone\"  data-padding-pos=\"all\" data-has-bg-color=\"false\" data-bg-color=\"\" data-bg-opacity=\"1\" data-animation=\"\" data-delay=\"0\" data-scroll-animation=\"true\" data-scroll-animation-movement=\"transform_x\" data-scroll-animation-mobile=\"true\" data-scroll-animation-intensity=\"-2.5\" >\n\t\t<div class=\"vc_column-inner\" >\n\t\t\t<div class=\"wpb_wrapper\">\n\t\t\t\t<div class=\"nectar-scrolling-text font_size_4vw font_size_mobile_9vw text_space_medium\" data-style=\"default\" data-s-dir=\"rtl\" data-spacing=\"true\" data-outline-thickness=\"thin\" data-s-speed=\"slowest\" data-overflow=\"visible\" ><div class=\"nectar-scrolling-text-inner\" style=\"color: #ffffff;\">\n<h2>ALBA GUERRERO \u201cPONEMOS VOZ A AL VOZ\u201d | S\u00e1bado 28 de noviembre<\/h2>\n\n<h2>ALBA GUERRERO \u201cPONEMOS VOZ A AL VOZ\u201d | S\u00e1bado 28 de noviembre<\/h2>\n\n<h2>ALBA GUERRERO \u201cPONEMOS VOZ A AL VOZ\u201d | S\u00e1bado 28 de noviembre<\/h2>\n\n<h2>ALBA GUERRERO \u201cPONEMOS VOZ A AL VOZ\u201d | S\u00e1bado 28 de noviembre<\/h2>\n\n<h2>ALBA GUERRERO \u201cPONEMOS VOZ A AL VOZ\u201d | S\u00e1bado 28 de noviembre<\/h2>\n<\/div><\/div>\n\t\t\t<\/div> \n\t\t<\/div>\n\t<\/div> \n<\/div><\/div>\n\t\t<div id=\"fws_6a9bce02db97a\"  data-column-margin=\"default\" data-midnight=\"dark\" data-top-percent=\"2%\" data-bottom-percent=\"2%\" data-nectar-animated-gradient-settings=\"{&quot;color_1&quot;:&quot;#f1e5c1&quot;,&quot;color_2&quot;:&quot;#f1e5c1&quot;,&quot;speed&quot;:&quot;1300&quot;,&quot;blending_mode&quot;:&quot;linear&quot;}\"  class=\"wpb_row vc_row-fluid vc_row full-width-content vc_row-o-equal-height vc_row-flex vc_row-o-content-top  bottom_margin_5pct zindex-set scale_desktop_1-02 rotate_desktop_358deg nectar-overflow-hidden\"  style=\"padding-top: calc(100vw * 0.02); padding-bottom: calc(100vw * 0.02);  z-index: 20;\"><div class=\"row-bg-wrap has-animated-gradient\" data-bg-animation=\"none\" data-bg-animation-delay=\"\" data-bg-overlay=\"false\"><div class=\"inner-wrap row-bg-layer\" ><div class=\"row-bg viewport-desktop using-bg-color\"  style=\"background-color: #c7e7e8; \"><\/div><\/div><\/div><div class=\"row_col_wrap_12 col span_12 dark left\">\n\t<div  class=\"vc_col-sm-12 wpb_column column_container vc_column_container col no-extra-padding el_spacing_0px inherit_tablet inherit_phone\"  data-padding-pos=\"all\" data-has-bg-color=\"false\" data-bg-color=\"\" data-bg-opacity=\"1\" data-animation=\"\" data-delay=\"0\" data-scroll-animation=\"true\" data-scroll-animation-movement=\"transform_x\" data-scroll-animation-mobile=\"true\" data-scroll-animation-intensity=\"2.5\" >\n\t\t<div class=\"vc_column-inner\" >\n\t\t\t<div class=\"wpb_wrapper\">\n\t\t\t\t<div class=\"nectar-scrolling-text font_size_4vw font_size_mobile_9vw text_space_medium\" data-style=\"default\" data-s-dir=\"ltr\" data-spacing=\"true\" data-outline-thickness=\"thin\" data-s-speed=\"slowest\" data-overflow=\"visible\" ><div class=\"nectar-scrolling-text-inner\" style=\"color: #ffffff;\">\n<h2>ALBA GUERRERO \u201cPONEMOS VOZ A AL VOZ\u201d | S\u00e1bado 28 de noviembre<\/h2>\n\n<h2>ALBA GUERRERO \u201cPONEMOS VOZ A AL VOZ\u201d | S\u00e1bado 28 de noviembre<\/h2>\n\n<h2>ALBA GUERRERO \u201cPONEMOS VOZ A AL VOZ\u201d | S\u00e1bado 28 de noviembre<\/h2>\n\n<h2>ALBA GUERRERO \u201cPONEMOS VOZ A AL VOZ\u201d | S\u00e1bado 28 de noviembre<\/h2>\n\n<h2>ALBA GUERRERO \u201cPONEMOS VOZ A AL VOZ\u201d | S\u00e1bado 28 de noviembre<\/h2>\n<\/div><\/div>\n\t\t\t<\/div> \n\t\t<\/div>\n\t<\/div> \n<\/div><\/div>\n\t\t<div id=\"fws_6a9bce02dc88a\"  data-column-margin=\"default\" data-midnight=\"dark\"  class=\"wpb_row vc_row-fluid vc_row\"  style=\"padding-top: 0px; padding-bottom: 0px; \"><div class=\"row-bg-wrap\" data-bg-animation=\"none\" data-bg-animation-delay=\"\" data-bg-overlay=\"false\"><div class=\"inner-wrap row-bg-layer\" ><div class=\"row-bg viewport-desktop\"  style=\"\"><\/div><\/div><\/div><div class=\"row_col_wrap_12 col span_12 dark left\">\n\t<div  class=\"vc_col-sm-12 wpb_column column_container vc_column_container col padding-3-percent inherit_tablet inherit_phone\"  data-padding-pos=\"all\" data-has-bg-color=\"false\" data-bg-color=\"\" data-bg-opacity=\"1\" data-animation=\"\" data-delay=\"0\" >\n\t\t<div class=\"vc_column-inner\" >\n\t\t\t<div class=\"wpb_wrapper\">\n\t\t\t\t\n\t<div class=\"wpb_gallery wpb_content_element clearfix\">\n\t\t<div class=\"wpb_wrapper\"><div class=\"wpb_gallery_slidesnectarslider_style\" data-onclick=\"link_no\" data-interval=\"5\"><div class=\"nectar-slider-wrap\" style=\"height: 1000pxpx\" data-flexible-height=\"\" data-overall_style=\"classic\" data-button-styling=\"btn_with_count\" data-fullscreen=\"false\"  data-full-width=\"false\" data-parallax=\"false\" data-autorotate=\"5500\" id=\"ns-id-6a9bce02dd84a\"><div class=\"swiper-container\" style=\"height: 1000pxpx\"  data-loop=\"true\" data-height=\"1000px\" data-bullets=\"\" data-bullet_style=\"see_through\" data-arrows=\"true\" data-desktop-swipe=\"true\" data-settings=\"\"><div class=\"swiper-wrapper\"><div class=\"swiper-slide\" data-bg-alignment=\"center\" data-color-scheme=\"light\" data-x-pos=\"centered\" data-y-pos=\"middle\"><div class=\"image-bg\" style=\"background-image: url(https:\/\/flamengi.cat\/wp-content\/uploads\/2026\/08\/DSC_3626.jpg);\">  &nbsp; <\/div><span class=\"ie-fix\"><\/span> <\/div><!--\/swiper-slide--><\/div><a href=\"\" class=\"slider-prev\"><i class=\"icon-salient-left-arrow\"><\/i> <div class=\"slide-count\"> <span class=\"slide-current\">1<\/span> <i class=\"icon-salient-right-line\"><\/i> <span class=\"slide-total\"><\/span> <\/div> <\/a>\n\t\t\t     \t\t<a href=\"\" class=\"slider-next\"><i class=\"icon-salient-right-arrow\"><\/i> <div class=\"slide-count\"> <span class=\"slide-current\">1<\/span> <i class=\"icon-salient-right-line\"><\/i> <span class=\"slide-total\"><\/span> <\/div> <\/a><div class=\"nectar-slider-loading\"><\/div><\/div><\/div><\/div>\n\t\t<\/div> \n\t<\/div> \n\t\t\t<\/div> \n\t\t<\/div>\n\t<\/div> \n<\/div><\/div>","protected":false},"excerpt":{"rendered":"Reserva d'entrades La veu flamenca Una masterclass per endinsar-se en la interpretaci\u00f3 del cante flamenco, en un di\u00e0leg fascinant on la fisiologia de la veu es troba amb l'emoci\u00f3. En...","protected":false},"author":4,"featured_media":2947,"comment_status":"closed","ping_status":"closed","sticky":false,"template":"","format":"standard","meta":{"footnotes":""},"categories":[122],"tags":[],"class_list":["post-2945","post","type-post","status-publish","format-standard","has-post-thumbnail","category-edicio-2026"],"yoast_head":"<!-- This site is optimized with the Yoast SEO Premium plugin v19.5 (Yoast SEO v27.8) - https:\/\/yoast.com\/product\/yoast-seo-premium-wordpress\/ -->\n<title>FLAMENGI FESTIVAL<\/title>\n<meta name=\"robots\" content=\"index, follow, max-snippet:-1, max-image-preview:large, max-video-preview:-1\" \/>\n<link rel=\"canonical\" href=\"https:\/\/flamengi.cat\/es\/alba-guerrero-posem-veu-a-al-veu-dissabte-28-de-novembre-a-les-11h-a-la-marfa\/\" \/>\n<meta property=\"og:locale\" content=\"es_ES\" \/>\n<meta property=\"og:type\" content=\"article\" \/>\n<meta property=\"og:title\" content=\"ALBA GUERRERO \u201cPOSEM VEU A AL VEU\u201d Dissabte 28 de novembre a les 11h a La Marf\u00e0\" \/>\n<meta property=\"og:url\" content=\"https:\/\/flamengi.cat\/es\/alba-guerrero-posem-veu-a-al-veu-dissabte-28-de-novembre-a-les-11h-a-la-marfa\/\" \/>\n<meta property=\"og:site_name\" content=\"FLAMENGI FESTIVAL\" \/>\n<meta property=\"article:publisher\" content=\"https:\/\/www.facebook.com\/flamengi.festival\" \/>\n<meta property=\"article:published_time\" content=\"2026-08-31T09:13:10+00:00\" \/>\n<meta property=\"article:modified_time\" content=\"2026-09-01T12:02:42+00:00\" \/>\n<meta property=\"og:image\" content=\"http:\/\/flamengi.cat\/wp-content\/uploads\/2026\/08\/DSC_3626.jpg\" \/>\n\t<meta property=\"og:image:width\" content=\"534\" \/>\n\t<meta property=\"og:image:height\" content=\"800\" \/>\n\t<meta property=\"og:image:type\" content=\"image\/jpeg\" \/>\n<meta name=\"author\" content=\"Neoserveis\" \/>\n<meta name=\"twitter:card\" content=\"summary_large_image\" \/>\n<meta name=\"twitter:creator\" content=\"@flamengif\" \/>\n<meta name=\"twitter:site\" content=\"@flamengif\" \/>\n<meta name=\"twitter:label1\" content=\"Escrito por\" \/>\n\t<meta name=\"twitter:data1\" content=\"Neoserveis\" \/>\n\t<meta name=\"twitter:label2\" content=\"Tiempo de lectura\" \/>\n\t<meta name=\"twitter:data2\" content=\"4 minutos\" \/>\n<script type=\"application\/ld+json\" class=\"yoast-schema-graph\">{\"@context\":\"https:\\\/\\\/schema.org\",\"@graph\":[{\"@type\":\"Article\",\"@id\":\"https:\\\/\\\/flamengi.cat\\\/alba-guerrero-posem-veu-a-al-veu-dissabte-28-de-novembre-a-les-11h-a-la-marfa\\\/#article\",\"isPartOf\":{\"@id\":\"https:\\\/\\\/flamengi.cat\\\/alba-guerrero-posem-veu-a-al-veu-dissabte-28-de-novembre-a-les-11h-a-la-marfa\\\/\"},\"author\":{\"name\":\"Neoserveis\",\"@id\":\"https:\\\/\\\/flamengi.cat\\\/#\\\/schema\\\/person\\\/99252030689047d68b309be665c89c41\"},\"headline\":\"ALBA GUERRERO \u201cPOSEM VEU A AL VEU\u201d Dissabte 28 de novembre a les 11h a La Marf\u00e0\",\"datePublished\":\"2026-08-31T09:13:10+00:00\",\"dateModified\":\"2026-09-01T12:02:42+00:00\",\"mainEntityOfPage\":{\"@id\":\"https:\\\/\\\/flamengi.cat\\\/alba-guerrero-posem-veu-a-al-veu-dissabte-28-de-novembre-a-les-11h-a-la-marfa\\\/\"},\"wordCount\":1493,\"image\":{\"@id\":\"https:\\\/\\\/flamengi.cat\\\/alba-guerrero-posem-veu-a-al-veu-dissabte-28-de-novembre-a-les-11h-a-la-marfa\\\/#primaryimage\"},\"thumbnailUrl\":\"https:\\\/\\\/flamengi.cat\\\/wp-content\\\/uploads\\\/2026\\\/08\\\/DSC_3626.jpg\",\"articleSection\":[\"Edici\u00f3 2026\"],\"inLanguage\":\"es\"},{\"@type\":\"WebPage\",\"@id\":\"https:\\\/\\\/flamengi.cat\\\/alba-guerrero-posem-veu-a-al-veu-dissabte-28-de-novembre-a-les-11h-a-la-marfa\\\/\",\"url\":\"https:\\\/\\\/flamengi.cat\\\/alba-guerrero-posem-veu-a-al-veu-dissabte-28-de-novembre-a-les-11h-a-la-marfa\\\/\",\"name\":\"ALBA GUERRERO \u201cPOSEM VEU A AL VEU\u201d Dissabte 28 de novembre a les 11h a La Marf\u00e0 - FLAMENGI FESTIVAL\",\"isPartOf\":{\"@id\":\"https:\\\/\\\/flamengi.cat\\\/#website\"},\"primaryImageOfPage\":{\"@id\":\"https:\\\/\\\/flamengi.cat\\\/alba-guerrero-posem-veu-a-al-veu-dissabte-28-de-novembre-a-les-11h-a-la-marfa\\\/#primaryimage\"},\"image\":{\"@id\":\"https:\\\/\\\/flamengi.cat\\\/alba-guerrero-posem-veu-a-al-veu-dissabte-28-de-novembre-a-les-11h-a-la-marfa\\\/#primaryimage\"},\"thumbnailUrl\":\"https:\\\/\\\/flamengi.cat\\\/wp-content\\\/uploads\\\/2026\\\/08\\\/DSC_3626.jpg\",\"datePublished\":\"2026-08-31T09:13:10+00:00\",\"dateModified\":\"2026-09-01T12:02:42+00:00\",\"author\":{\"@id\":\"https:\\\/\\\/flamengi.cat\\\/#\\\/schema\\\/person\\\/99252030689047d68b309be665c89c41\"},\"breadcrumb\":{\"@id\":\"https:\\\/\\\/flamengi.cat\\\/alba-guerrero-posem-veu-a-al-veu-dissabte-28-de-novembre-a-les-11h-a-la-marfa\\\/#breadcrumb\"},\"inLanguage\":\"es\",\"potentialAction\":[{\"@type\":\"ReadAction\",\"target\":[\"https:\\\/\\\/flamengi.cat\\\/alba-guerrero-posem-veu-a-al-veu-dissabte-28-de-novembre-a-les-11h-a-la-marfa\\\/\"]}]},{\"@type\":\"ImageObject\",\"inLanguage\":\"es\",\"@id\":\"https:\\\/\\\/flamengi.cat\\\/alba-guerrero-posem-veu-a-al-veu-dissabte-28-de-novembre-a-les-11h-a-la-marfa\\\/#primaryimage\",\"url\":\"https:\\\/\\\/flamengi.cat\\\/wp-content\\\/uploads\\\/2026\\\/08\\\/DSC_3626.jpg\",\"contentUrl\":\"https:\\\/\\\/flamengi.cat\\\/wp-content\\\/uploads\\\/2026\\\/08\\\/DSC_3626.jpg\",\"width\":534,\"height\":800},{\"@type\":\"BreadcrumbList\",\"@id\":\"https:\\\/\\\/flamengi.cat\\\/alba-guerrero-posem-veu-a-al-veu-dissabte-28-de-novembre-a-les-11h-a-la-marfa\\\/#breadcrumb\",\"itemListElement\":[{\"@type\":\"ListItem\",\"position\":1,\"name\":\"Inici\",\"item\":\"https:\\\/\\\/flamengi.cat\\\/\"},{\"@type\":\"ListItem\",\"position\":2,\"name\":\"ALBA GUERRERO \u201cPOSEM VEU A AL VEU\u201d Dissabte 28 de novembre a les 11h a La Marf\u00e0\"}]},{\"@type\":\"WebSite\",\"@id\":\"https:\\\/\\\/flamengi.cat\\\/#website\",\"url\":\"https:\\\/\\\/flamengi.cat\\\/\",\"name\":\"FLAMENGI FESTIVAL\",\"description\":\"Festival Flamenc de Girona\",\"potentialAction\":[{\"@type\":\"SearchAction\",\"target\":{\"@type\":\"EntryPoint\",\"urlTemplate\":\"https:\\\/\\\/flamengi.cat\\\/?s={search_term_string}\"},\"query-input\":{\"@type\":\"PropertyValueSpecification\",\"valueRequired\":true,\"valueName\":\"search_term_string\"}}],\"inLanguage\":\"es\"},{\"@type\":\"Person\",\"@id\":\"https:\\\/\\\/flamengi.cat\\\/#\\\/schema\\\/person\\\/99252030689047d68b309be665c89c41\",\"name\":\"Neoserveis\",\"image\":{\"@type\":\"ImageObject\",\"inLanguage\":\"es\",\"@id\":\"https:\\\/\\\/secure.gravatar.com\\\/avatar\\\/d8d15510fd9d2ea0dab012c24b4fd873280996e13c5f523dcfe6d9310d6cd5ac?s=96&d=mm&r=g\",\"url\":\"https:\\\/\\\/secure.gravatar.com\\\/avatar\\\/d8d15510fd9d2ea0dab012c24b4fd873280996e13c5f523dcfe6d9310d6cd5ac?s=96&d=mm&r=g\",\"contentUrl\":\"https:\\\/\\\/secure.gravatar.com\\\/avatar\\\/d8d15510fd9d2ea0dab012c24b4fd873280996e13c5f523dcfe6d9310d6cd5ac?s=96&d=mm&r=g\",\"caption\":\"Neoserveis\"},\"url\":\"https:\\\/\\\/flamengi.cat\\\/es\\\/author\\\/neoserveis\\\/\"}]}<\/script>\n<!-- \/ Yoast SEO Premium plugin. -->","yoast_head_json":{"title":"FLAMENGI FESTIVAL","robots":{"index":"index","follow":"follow","max-snippet":"max-snippet:-1","max-image-preview":"max-image-preview:large","max-video-preview":"max-video-preview:-1"},"canonical":"https:\/\/flamengi.cat\/es\/alba-guerrero-posem-veu-a-al-veu-dissabte-28-de-novembre-a-les-11h-a-la-marfa\/","og_locale":"es_ES","og_type":"article","og_title":"ALBA GUERRERO \u201cPOSEM VEU A AL VEU\u201d Dissabte 28 de novembre a les 11h a La Marf\u00e0","og_url":"https:\/\/flamengi.cat\/es\/alba-guerrero-posem-veu-a-al-veu-dissabte-28-de-novembre-a-les-11h-a-la-marfa\/","og_site_name":"FLAMENGI FESTIVAL","article_publisher":"https:\/\/www.facebook.com\/flamengi.festival","article_published_time":"2026-08-31T09:13:10+00:00","article_modified_time":"2026-09-01T12:02:42+00:00","og_image":[{"width":534,"height":800,"url":"http:\/\/flamengi.cat\/wp-content\/uploads\/2026\/08\/DSC_3626.jpg","type":"image\/jpeg"}],"author":"Neoserveis","twitter_card":"summary_large_image","twitter_creator":"@flamengif","twitter_site":"@flamengif","twitter_misc":{"Escrito por":"Neoserveis","Tiempo de lectura":"4 minutos"},"schema":{"@context":"https:\/\/schema.org","@graph":[{"@type":"Article","@id":"https:\/\/flamengi.cat\/alba-guerrero-posem-veu-a-al-veu-dissabte-28-de-novembre-a-les-11h-a-la-marfa\/#article","isPartOf":{"@id":"https:\/\/flamengi.cat\/alba-guerrero-posem-veu-a-al-veu-dissabte-28-de-novembre-a-les-11h-a-la-marfa\/"},"author":{"name":"Neoserveis","@id":"https:\/\/flamengi.cat\/#\/schema\/person\/99252030689047d68b309be665c89c41"},"headline":"ALBA GUERRERO \u201cPOSEM VEU A AL VEU\u201d Dissabte 28 de novembre a les 11h a La Marf\u00e0","datePublished":"2026-08-31T09:13:10+00:00","dateModified":"2026-09-01T12:02:42+00:00","mainEntityOfPage":{"@id":"https:\/\/flamengi.cat\/alba-guerrero-posem-veu-a-al-veu-dissabte-28-de-novembre-a-les-11h-a-la-marfa\/"},"wordCount":1493,"image":{"@id":"https:\/\/flamengi.cat\/alba-guerrero-posem-veu-a-al-veu-dissabte-28-de-novembre-a-les-11h-a-la-marfa\/#primaryimage"},"thumbnailUrl":"https:\/\/flamengi.cat\/wp-content\/uploads\/2026\/08\/DSC_3626.jpg","articleSection":["Edici\u00f3 2026"],"inLanguage":"es"},{"@type":"WebPage","@id":"https:\/\/flamengi.cat\/alba-guerrero-posem-veu-a-al-veu-dissabte-28-de-novembre-a-les-11h-a-la-marfa\/","url":"https:\/\/flamengi.cat\/alba-guerrero-posem-veu-a-al-veu-dissabte-28-de-novembre-a-les-11h-a-la-marfa\/","name":"ALBA GUERRERO \u201cPOSEM VEU A AL VEU\u201d Dissabte 28 de novembre a les 11h a La Marf\u00e0 - FLAMENGI FESTIVAL","isPartOf":{"@id":"https:\/\/flamengi.cat\/#website"},"primaryImageOfPage":{"@id":"https:\/\/flamengi.cat\/alba-guerrero-posem-veu-a-al-veu-dissabte-28-de-novembre-a-les-11h-a-la-marfa\/#primaryimage"},"image":{"@id":"https:\/\/flamengi.cat\/alba-guerrero-posem-veu-a-al-veu-dissabte-28-de-novembre-a-les-11h-a-la-marfa\/#primaryimage"},"thumbnailUrl":"https:\/\/flamengi.cat\/wp-content\/uploads\/2026\/08\/DSC_3626.jpg","datePublished":"2026-08-31T09:13:10+00:00","dateModified":"2026-09-01T12:02:42+00:00","author":{"@id":"https:\/\/flamengi.cat\/#\/schema\/person\/99252030689047d68b309be665c89c41"},"breadcrumb":{"@id":"https:\/\/flamengi.cat\/alba-guerrero-posem-veu-a-al-veu-dissabte-28-de-novembre-a-les-11h-a-la-marfa\/#breadcrumb"},"inLanguage":"es","potentialAction":[{"@type":"ReadAction","target":["https:\/\/flamengi.cat\/alba-guerrero-posem-veu-a-al-veu-dissabte-28-de-novembre-a-les-11h-a-la-marfa\/"]}]},{"@type":"ImageObject","inLanguage":"es","@id":"https:\/\/flamengi.cat\/alba-guerrero-posem-veu-a-al-veu-dissabte-28-de-novembre-a-les-11h-a-la-marfa\/#primaryimage","url":"https:\/\/flamengi.cat\/wp-content\/uploads\/2026\/08\/DSC_3626.jpg","contentUrl":"https:\/\/flamengi.cat\/wp-content\/uploads\/2026\/08\/DSC_3626.jpg","width":534,"height":800},{"@type":"BreadcrumbList","@id":"https:\/\/flamengi.cat\/alba-guerrero-posem-veu-a-al-veu-dissabte-28-de-novembre-a-les-11h-a-la-marfa\/#breadcrumb","itemListElement":[{"@type":"ListItem","position":1,"name":"Inici","item":"https:\/\/flamengi.cat\/"},{"@type":"ListItem","position":2,"name":"ALBA GUERRERO \u201cPOSEM VEU A AL VEU\u201d Dissabte 28 de novembre a les 11h a La Marf\u00e0"}]},{"@type":"WebSite","@id":"https:\/\/flamengi.cat\/#website","url":"https:\/\/flamengi.cat\/","name":"FLAMENGI FESTIVAL","description":"Festival Flamenc de Girona","potentialAction":[{"@type":"SearchAction","target":{"@type":"EntryPoint","urlTemplate":"https:\/\/flamengi.cat\/?s={search_term_string}"},"query-input":{"@type":"PropertyValueSpecification","valueRequired":true,"valueName":"search_term_string"}}],"inLanguage":"es"},{"@type":"Person","@id":"https:\/\/flamengi.cat\/#\/schema\/person\/99252030689047d68b309be665c89c41","name":"Neoserveis","image":{"@type":"ImageObject","inLanguage":"es","@id":"https:\/\/secure.gravatar.com\/avatar\/d8d15510fd9d2ea0dab012c24b4fd873280996e13c5f523dcfe6d9310d6cd5ac?s=96&d=mm&r=g","url":"https:\/\/secure.gravatar.com\/avatar\/d8d15510fd9d2ea0dab012c24b4fd873280996e13c5f523dcfe6d9310d6cd5ac?s=96&d=mm&r=g","contentUrl":"https:\/\/secure.gravatar.com\/avatar\/d8d15510fd9d2ea0dab012c24b4fd873280996e13c5f523dcfe6d9310d6cd5ac?s=96&d=mm&r=g","caption":"Neoserveis"},"url":"https:\/\/flamengi.cat\/es\/author\/neoserveis\/"}]}},"_links":{"self":[{"href":"https:\/\/flamengi.cat\/es\/wp-json\/wp\/v2\/posts\/2945","targetHints":{"allow":["GET"]}}],"collection":[{"href":"https:\/\/flamengi.cat\/es\/wp-json\/wp\/v2\/posts"}],"about":[{"href":"https:\/\/flamengi.cat\/es\/wp-json\/wp\/v2\/types\/post"}],"author":[{"embeddable":true,"href":"https:\/\/flamengi.cat\/es\/wp-json\/wp\/v2\/users\/4"}],"replies":[{"embeddable":true,"href":"https:\/\/flamengi.cat\/es\/wp-json\/wp\/v2\/comments?post=2945"}],"version-history":[{"count":2,"href":"https:\/\/flamengi.cat\/es\/wp-json\/wp\/v2\/posts\/2945\/revisions"}],"predecessor-version":[{"id":2948,"href":"https:\/\/flamengi.cat\/es\/wp-json\/wp\/v2\/posts\/2945\/revisions\/2948"}],"wp:featuredmedia":[{"embeddable":true,"href":"https:\/\/flamengi.cat\/es\/wp-json\/wp\/v2\/media\/2947"}],"wp:attachment":[{"href":"https:\/\/flamengi.cat\/es\/wp-json\/wp\/v2\/media?parent=2945"}],"wp:term":[{"taxonomy":"category","embeddable":true,"href":"https:\/\/flamengi.cat\/es\/wp-json\/wp\/v2\/categories?post=2945"},{"taxonomy":"post_tag","embeddable":true,"href":"https:\/\/flamengi.cat\/es\/wp-json\/wp\/v2\/tags?post=2945"}],"curies":[{"name":"wp","href":"https:\/\/api.w.org\/{rel}","templated":true}]}}