{"id":2933,"date":"2026-08-30T11:13:10","date_gmt":"2026-08-30T09:13:10","guid":{"rendered":"https:\/\/flamengi.cat\/?p=2933"},"modified":"2026-09-01T14:03:21","modified_gmt":"2026-09-01T12:03:21","slug":"juan-tomas-de-la-molia-agueda-saavedra-artista-convidada-divendres-27-de-novembre-a-les-20h-al-teathre-millenari-de-touluges-franca","status":"publish","type":"post","link":"https:\/\/flamengi.cat\/es\/juan-tomas-de-la-molia-agueda-saavedra-artista-convidada-divendres-27-de-novembre-a-les-20h-al-teathre-millenari-de-touluges-franca\/","title":{"rendered":"JUAN TOM\u00c1S DE LA MOL\u00cdA &amp; \u00c1GUEDA SAAVEDRA \u201cARTISTA INVITADA\u201d<br> Viernes 27 de noviembre a las 20h en el Teathre Milenario de Touluges (Francia)"},"content":{"rendered":"<div id=\"fws_6a9bcf5421eb1\"  data-column-margin=\"default\" data-midnight=\"dark\"  class=\"wpb_row vc_row-fluid vc_row full-width-content vc_row-o-equal-height vc_row-flex vc_row-o-content-top\"  style=\"padding-top: 0px; padding-bottom: 0px; \"><div class=\"row-bg-wrap\" data-bg-animation=\"none\" data-bg-animation-delay=\"\" data-bg-overlay=\"false\"><div class=\"inner-wrap row-bg-layer\" ><div class=\"row-bg viewport-desktop using-bg-color\"  style=\"background-color: #412939; \"><\/div><\/div><\/div><div class=\"row_col_wrap_12 col span_12 dark left\">\n\t<div  class=\"vc_col-sm-12 wpb_column column_container vc_column_container col centered-text padding-5-percent inherit_tablet inherit_phone\"  data-border-radius=\"10px\" data-padding-pos=\"all\" data-has-bg-color=\"false\" data-bg-color=\"\" data-bg-opacity=\"1\" data-animation=\"\" data-delay=\"0\" >\n\t\t<div class=\"vc_column-inner\" >\n\t\t\t<div class=\"wpb_wrapper\">\n\t\t\t\t<div class=\"nectar-cta  alignment_tablet_default alignment_phone_default display_tablet_inherit display_phone_inherit\" data-color=\"accent-color\" data-using-bg=\"true\" data-style=\"arrow-animation\" data-display=\"inline\" data-alignment=\"left\" data-text-color=\"custom\" ><h4 style=\"color: #ffffff;\"><span class=\"link_wrap\" style=\"padding-top: 20px; padding-right: 40px; padding-bottom: 20px; padding-left: 40px;\"><a target=\"_blank\" class=\"link_text\" href=\"#\"><span class=\"text\">Reserva de entradas<\/span><svg class=\"next-arrow\" aria-hidden=\"true\" width=\"20px\" height=\"25px\" viewbox=\"0 0 50 80\" xml:space=\"preserve\">\n  <polyline stroke=\"#ffffff\" stroke-width=\"9\" fill=\"none\" stroke-linecap=\"round\" stroke-linejoin=\"round\" points=\"0, 0 45, 40 0, 80\"\/>\n  <\/svg>  <span class=\"line\"  style=\"background-color: #ffffff;\"><\/span> <\/a><\/span><\/h4><\/div>\n\t\t\t<\/div> \n\t\t<\/div>\n\t<\/div> \n<\/div><\/div>\n\t\t<div id=\"fws_6a9bcf5422959\"  data-column-margin=\"default\" data-midnight=\"dark\"  class=\"wpb_row vc_row-fluid vc_row\"  style=\"padding-top: 0px; padding-bottom: 0px; \"><div class=\"row-bg-wrap\" data-bg-animation=\"none\" data-bg-animation-delay=\"\" data-bg-overlay=\"false\"><div class=\"inner-wrap row-bg-layer\" ><div class=\"row-bg viewport-desktop\"  style=\"\"><\/div><\/div><\/div><div class=\"row_col_wrap_12 col span_12 dark left\">\n\t<div  class=\"vc_col-sm-12 wpb_column column_container vc_column_container col padding-2-percent inherit_tablet inherit_phone\"  data-padding-pos=\"all\" data-has-bg-color=\"false\" data-bg-color=\"\" data-bg-opacity=\"1\" data-animation=\"\" data-delay=\"0\" >\n\t\t<div class=\"vc_column-inner\" >\n\t\t\t<div class=\"wpb_wrapper\">\n\t\t\t\t\n<div class=\"wpb_text_column wpb_content_element\" >\n\t<div class=\"wpb_wrapper\">\n\t\t<p><strong>Juan Tom\u00e1s de la Mol\u00eda junto a \u00c1gueda Saavedra<\/strong> presentan un espect\u00e1culo que reivindica la esencia m\u00e1s pura del flamenco, despojado de artificios y concebido desde la ra\u00edz. Lejos de las tendencias m\u00e1s conceptuales, la propuesta nace del di\u00e1logo art\u00edstico entre dos bailarines que encuentran en la inspiraci\u00f3n mutua el motor de cada movimiento, convirtiendo el escenario en un espacio de libertad, intuici\u00f3n y emoci\u00f3n compartida.<\/p>\n<p>Construido como una suite flamenca de corte cl\u00e1sico, el espect\u00e1culo contrapone dos energ\u00edas complementarias: ella representa la tierra, la solemnidad del mant\u00f3n y la fuerza del braceo; \u00e9l, el aliento, el ritmo indomable y el instinto del comp\u00e1s. Acompa\u00f1ados \u00fanicamente por la guitarra y el cante, los artistas recorren algunos de los principales palos del flamenco, desde la profundidad del dolor hasta la alegr\u00eda m\u00e1s festiva, en una propuesta que no cuenta una historia, sino que celebra el <strong>duende<\/strong> i la capacitat del flamenc de crear, en cada funci\u00f3, un moment \u00fanic i irrepetible.<\/p>\n<p><strong>Int\u00e9rpretes:<\/strong><\/p>\n<p><strong>Baile:<\/strong> Juan Tom\u00e1s de la Mol\u00eda y \u00c1gueda Saavedra<\/p>\n<p><strong>Guitarra:<\/strong> Jesus Rodriguez<\/p>\n<p><strong>Cante:<\/strong> Jos\u00e9 Pechuguita y Manuel de la Nina<\/p>\n<p>&nbsp;<\/p>\n<p><strong>Tipolog\u00eda:<\/strong> Ball flamenc i m\u00fasica<\/p>\n<p><strong>Fecha y hora:<\/strong> 27 de noviembre a las 20h<\/p>\n<p><strong>Espacio:<\/strong> Teathre Milenario de Touluges (Francia)<\/p>\n<p>&nbsp;<\/p>\n\t<\/div>\n<\/div>\n\n\n\n<div id=\"fws_6a9bcf5422f6d\" data-midnight=\"\" data-column-margin=\"default\" class=\"wpb_row vc_row-fluid vc_row inner_row vc_row-o-equal-height vc_row-flex vc_row-o-content-middle\"  style=\"\"><div class=\"row-bg-wrap\"> <div class=\"row-bg\" ><\/div> <\/div><div class=\"row_col_wrap_12_inner col span_12  left\">\n\t<div style=\"\" class=\"vc_col-sm-12 wpb_column column_container vc_column_container col child_column padding-3-percent inherit_tablet inherit_phone\"  data-using-bg=\"true\" data-shadow=\"medium_depth\" data-border-radius=\"10px\" data-padding-pos=\"all\" data-has-bg-color=\"true\" data-bg-color=\"#573278\" data-bg-opacity=\"1\" data-animation=\"\" data-delay=\"0\" >\n\t\t<div class=\"vc_column-inner\" ><div class=\"column-bg-overlay-wrap column-bg-layer\" data-bg-animation=\"none\"><div class=\"column-bg-overlay\" style=\"opacity: 1; background-color: #573278;\"><\/div><\/div>\n\t\t<div class=\"wpb_wrapper\">\n\t\t\t\n<div class=\"wpb_text_column wpb_content_element\" >\n\t<div class=\"wpb_wrapper\">\n\t\t<h3 style=\"color: #ffffff;\">Fecha: 27 de Noviembre<br \/>\n<span style=\"color: #ffffff;\">Hora:<\/span> 20:00h<br \/>\n<span style=\"color: #ffffff;\">Lugar: <\/span>\u00a0Teathre Milenario de Touluges (Francia)<\/h3>\n\t<\/div>\n<\/div>\n\n\n\n\n\t\t<\/div> \n\t<\/div>\n\t<\/div> \n<\/div><\/div>\n\t\t\t<\/div> \n\t\t<\/div>\n\t<\/div> \n<\/div><\/div>\n\t\t<div id=\"fws_6a9bcf5423854\"  data-column-margin=\"default\" data-midnight=\"dark\" data-top-percent=\"2%\" data-bottom-percent=\"2%\" data-nectar-animated-gradient-settings=\"{&quot;color_1&quot;:&quot;#f1e5c1&quot;,&quot;color_2&quot;:&quot;#f1e5c1&quot;,&quot;speed&quot;:&quot;1300&quot;,&quot;blending_mode&quot;:&quot;linear&quot;}\"  class=\"wpb_row vc_row-fluid vc_row full-width-content vc_row-o-equal-height vc_row-flex vc_row-o-content-top  top_margin_5pct scale_desktop_1-02 rotate_desktop_2deg nectar-overflow-hidden\"  style=\"padding-top: calc(100vw * 0.02); padding-bottom: calc(100vw * 0.02); \"><div class=\"row-bg-wrap has-animated-gradient\" data-bg-animation=\"none\" data-bg-animation-delay=\"\" data-bg-overlay=\"false\"><div class=\"inner-wrap row-bg-layer\" ><div class=\"row-bg viewport-desktop using-bg-color\"  style=\"background-color: #c7e7e8; \"><\/div><\/div><div class=\"row-bg-overlay row-bg-layer\" style=\"\"><\/div><\/div><div class=\"row_col_wrap_12 col span_12 dark left\">\n\t<div  class=\"vc_col-sm-12 wpb_column column_container vc_column_container col no-extra-padding el_spacing_0px inherit_tablet inherit_phone\"  data-padding-pos=\"all\" data-has-bg-color=\"false\" data-bg-color=\"\" data-bg-opacity=\"1\" data-animation=\"\" data-delay=\"0\" data-scroll-animation=\"true\" data-scroll-animation-movement=\"transform_x\" data-scroll-animation-mobile=\"true\" data-scroll-animation-intensity=\"-2.5\" >\n\t\t<div class=\"vc_column-inner\" >\n\t\t\t<div class=\"wpb_wrapper\">\n\t\t\t\t<div class=\"nectar-scrolling-text font_size_4vw font_size_mobile_9vw text_space_medium\" data-style=\"default\" data-s-dir=\"rtl\" data-spacing=\"true\" data-outline-thickness=\"thin\" data-s-speed=\"slowest\" data-overflow=\"visible\" ><div class=\"nectar-scrolling-text-inner\" style=\"color: #ffffff;\">\n<h2>JUAN TOM\u00c1S DE LA MOL\u00cdA &amp; \u00c1GUEDA SAAVEDRA \"ARTISTA INVITADA\" | Jueves 26 de noviembre<\/h2>\n\n<h2>JUAN TOM\u00c1S DE LA MOL\u00cdA &amp; \u00c1GUEDA SAAVEDRA \"ARTISTA INVITADA\" | Jueves 26 de noviembre<\/h2>\n\n<h2>JUAN TOM\u00c1S DE LA MOL\u00cdA &amp; \u00c1GUEDA SAAVEDRA \"ARTISTA INVITADA\" | Jueves 26 de noviembre<\/h2>\n\n<h2>JUAN TOM\u00c1S DE LA MOL\u00cdA &amp; \u00c1GUEDA SAAVEDRA \"ARTISTA INVITADA\" | Jueves 26 de noviembre<\/h2>\n\n<h2>JUAN TOM\u00c1S DE LA MOL\u00cdA &amp; \u00c1GUEDA SAAVEDRA \"ARTISTA INVITADA\" | Jueves 26 de noviembre<\/h2>\n<\/div><\/div>\n\t\t\t<\/div> \n\t\t<\/div>\n\t<\/div> \n<\/div><\/div>\n\t\t<div id=\"fws_6a9bcf542404d\"  data-column-margin=\"default\" data-midnight=\"dark\" data-top-percent=\"2%\" data-bottom-percent=\"2%\" data-nectar-animated-gradient-settings=\"{&quot;color_1&quot;:&quot;#f1e5c1&quot;,&quot;color_2&quot;:&quot;#f1e5c1&quot;,&quot;speed&quot;:&quot;1300&quot;,&quot;blending_mode&quot;:&quot;linear&quot;}\"  class=\"wpb_row vc_row-fluid vc_row full-width-content vc_row-o-equal-height vc_row-flex vc_row-o-content-top  bottom_margin_5pct zindex-set scale_desktop_1-02 rotate_desktop_358deg nectar-overflow-hidden\"  style=\"padding-top: calc(100vw * 0.02); padding-bottom: calc(100vw * 0.02);  z-index: 20;\"><div class=\"row-bg-wrap has-animated-gradient\" data-bg-animation=\"none\" data-bg-animation-delay=\"\" data-bg-overlay=\"false\"><div class=\"inner-wrap row-bg-layer\" ><div class=\"row-bg viewport-desktop using-bg-color\"  style=\"background-color: #c7e7e8; \"><\/div><\/div><\/div><div class=\"row_col_wrap_12 col span_12 dark left\">\n\t<div  class=\"vc_col-sm-12 wpb_column column_container vc_column_container col no-extra-padding el_spacing_0px inherit_tablet inherit_phone\"  data-padding-pos=\"all\" data-has-bg-color=\"false\" data-bg-color=\"\" data-bg-opacity=\"1\" data-animation=\"\" data-delay=\"0\" data-scroll-animation=\"true\" data-scroll-animation-movement=\"transform_x\" data-scroll-animation-mobile=\"true\" data-scroll-animation-intensity=\"2.5\" >\n\t\t<div class=\"vc_column-inner\" >\n\t\t\t<div class=\"wpb_wrapper\">\n\t\t\t\t<div class=\"nectar-scrolling-text font_size_4vw font_size_mobile_9vw text_space_medium\" data-style=\"default\" data-s-dir=\"ltr\" data-spacing=\"true\" data-outline-thickness=\"thin\" data-s-speed=\"slowest\" data-overflow=\"visible\" ><div class=\"nectar-scrolling-text-inner\" style=\"color: #ffffff;\">\n<h2>JUAN TOM\u00c1S DE LA MOL\u00cdA &amp; \u00c1GUEDA SAAVEDRA \"ARTISTA INVITADA\" | Jueves 26 de noviembre<\/h2>\n\n<h2>JUAN TOM\u00c1S DE LA MOL\u00cdA &amp; \u00c1GUEDA SAAVEDRA \"ARTISTA INVITADA\" | Jueves 26 de noviembre<\/h2>\n\n<h2>JUAN TOM\u00c1S DE LA MOL\u00cdA &amp; \u00c1GUEDA SAAVEDRA \"ARTISTA INVITADA\" | Jueves 26 de noviembre<\/h2>\n\n<h2>JUAN TOM\u00c1S DE LA MOL\u00cdA &amp; \u00c1GUEDA SAAVEDRA \"ARTISTA INVITADA\" | Jueves 26 de noviembre<\/h2>\n\n<h2>JUAN TOM\u00c1S DE LA MOL\u00cdA &amp; \u00c1GUEDA SAAVEDRA \"ARTISTA INVITADA\" | Jueves 26 de noviembre<\/h2>\n<\/div><\/div>\n\t\t\t<\/div> \n\t\t<\/div>\n\t<\/div> \n<\/div><\/div>\n\t\t<div id=\"fws_6a9bcf5424709\"  data-column-margin=\"default\" data-midnight=\"dark\"  class=\"wpb_row vc_row-fluid vc_row\"  style=\"padding-top: 0px; padding-bottom: 0px; \"><div class=\"row-bg-wrap\" data-bg-animation=\"none\" data-bg-animation-delay=\"\" data-bg-overlay=\"false\"><div class=\"inner-wrap row-bg-layer\" ><div class=\"row-bg viewport-desktop\"  style=\"\"><\/div><\/div><\/div><div class=\"row_col_wrap_12 col span_12 dark left\">\n\t<div  class=\"vc_col-sm-12 wpb_column column_container vc_column_container col padding-3-percent inherit_tablet inherit_phone\"  data-padding-pos=\"all\" data-has-bg-color=\"false\" data-bg-color=\"\" data-bg-opacity=\"1\" data-animation=\"\" data-delay=\"0\" >\n\t\t<div class=\"vc_column-inner\" >\n\t\t\t<div class=\"wpb_wrapper\">\n\t\t\t\t\n\t<div class=\"wpb_gallery wpb_content_element clearfix\">\n\t\t<div class=\"wpb_wrapper\"><div class=\"wpb_gallery_slidesnectarslider_style\" data-onclick=\"link_no\" data-interval=\"5\"><div class=\"nectar-slider-wrap\" style=\"height: 667pxpx\" data-flexible-height=\"\" data-overall_style=\"classic\" data-button-styling=\"btn_with_count\" data-fullscreen=\"false\"  data-full-width=\"false\" data-parallax=\"false\" data-autorotate=\"5500\" id=\"ns-id-6a9bcf5424f38\"><div class=\"swiper-container\" style=\"height: 667pxpx\"  data-loop=\"true\" data-height=\"667px\" data-bullets=\"\" data-bullet_style=\"see_through\" data-arrows=\"true\" data-desktop-swipe=\"true\" data-settings=\"\"><div class=\"swiper-wrapper\"><div class=\"swiper-slide\" data-bg-alignment=\"center\" data-color-scheme=\"light\" data-x-pos=\"centered\" data-y-pos=\"middle\"><div class=\"image-bg\" style=\"background-image: url(https:\/\/flamengi.cat\/wp-content\/uploads\/2026\/08\/1000407037.jpg);\">  &nbsp; <\/div><span class=\"ie-fix\"><\/span> <\/div><!--\/swiper-slide--><div class=\"swiper-slide\" data-bg-alignment=\"center\" data-color-scheme=\"light\" data-x-pos=\"centered\" data-y-pos=\"middle\"><div class=\"image-bg\" style=\"background-image: url(https:\/\/flamengi.cat\/wp-content\/uploads\/2026\/08\/1000407040.jpg);\">  &nbsp; <\/div><span class=\"ie-fix\"><\/span> <\/div><!--\/swiper-slide--><div class=\"swiper-slide\" data-bg-alignment=\"center\" data-color-scheme=\"light\" data-x-pos=\"centered\" data-y-pos=\"middle\"><div class=\"image-bg\" style=\"background-image: url(https:\/\/flamengi.cat\/wp-content\/uploads\/2026\/08\/FOTO_AGUEDA-SAAVEDRA_2-1.jpeg);\">  &nbsp; <\/div><span class=\"ie-fix\"><\/span> <\/div><!--\/swiper-slide--><div class=\"swiper-slide\" data-bg-alignment=\"center\" data-color-scheme=\"light\" data-x-pos=\"centered\" data-y-pos=\"middle\"><div class=\"image-bg\" style=\"background-image: url(https:\/\/flamengi.cat\/wp-content\/uploads\/2026\/08\/Juan-Tomas-44.jpg);\">  &nbsp; <\/div><span class=\"ie-fix\"><\/span> <\/div><!--\/swiper-slide--><\/div><a href=\"\" class=\"slider-prev\"><i class=\"icon-salient-left-arrow\"><\/i> <div class=\"slide-count\"> <span class=\"slide-current\">1<\/span> <i class=\"icon-salient-right-line\"><\/i> <span class=\"slide-total\"><\/span> <\/div> <\/a>\n\t\t\t     \t\t<a href=\"\" class=\"slider-next\"><i class=\"icon-salient-right-arrow\"><\/i> <div class=\"slide-count\"> <span class=\"slide-current\">1<\/span> <i class=\"icon-salient-right-line\"><\/i> <span class=\"slide-total\"><\/span> <\/div> <\/a><div class=\"nectar-slider-loading\"><\/div><\/div><\/div><\/div>\n\t\t<\/div> \n\t<\/div> \n\t\t\t<\/div> \n\t\t<\/div>\n\t<\/div> \n<\/div><\/div>\n\t\t<div id=\"fws_6a9bcf546a86e\"  data-column-margin=\"default\" data-midnight=\"dark\"  class=\"wpb_row vc_row-fluid vc_row\"  style=\"padding-top: 0px; padding-bottom: 0px; \"><div class=\"row-bg-wrap\" data-bg-animation=\"none\" data-bg-animation-delay=\"\" data-bg-overlay=\"false\"><div class=\"inner-wrap row-bg-layer\" ><div class=\"row-bg viewport-desktop\"  style=\"\"><\/div><\/div><\/div><div class=\"row_col_wrap_12 col span_12 dark left\">\n\t<div  class=\"vc_col-sm-12 wpb_column column_container vc_column_container col no-extra-padding inherit_tablet inherit_phone\"  data-padding-pos=\"all\" data-has-bg-color=\"false\" data-bg-color=\"\" data-bg-opacity=\"1\" data-animation=\"\" data-delay=\"0\" >\n\t\t<div class=\"vc_column-inner\" >\n\t\t\t<div class=\"wpb_wrapper\">\n\t\t\t\t\n\t<div class=\"wpb_video_widget wpb_content_element vc_clearfix   vc_video-aspect-ratio-169 vc_video-el-width-100 vc_video-align-left\" >\n\t\t<div class=\"wpb_wrapper\">\n\t\t\t\n\t\t\t<div class=\"wpb_video_wrapper\"><iframe loading=\"lazy\" title=\"Juan Tom\u00e1s de la Mol\u00eda | Presente | Festival de Jerez\" width=\"1080\" height=\"608\" src=\"https:\/\/www.youtube.com\/embed\/fOAJT3gFTPk?feature=oembed\" frameborder=\"0\" allow=\"accelerometer; autoplay; clipboard-write; encrypted-media; gyroscope; picture-in-picture; web-share\" referrerpolicy=\"strict-origin-when-cross-origin\" allowfullscreen><\/iframe><\/div>\n\t\t<\/div>\n\t<\/div>\n\n\t<div class=\"wpb_video_widget wpb_content_element vc_clearfix   vc_video-aspect-ratio-169 vc_video-el-width-100 vc_video-align-left\" >\n\t\t<div class=\"wpb_wrapper\">\n\t\t\t\n\t\t\t<div class=\"wpb_video_wrapper\"><iframe loading=\"lazy\" title=\"\u00c1gueda Saavedra en Tablao Flamenco Cordob\u00e9s Barcelona\" width=\"1080\" height=\"608\" src=\"https:\/\/www.youtube.com\/embed\/xec3QDu92L4?feature=oembed\" frameborder=\"0\" allow=\"accelerometer; autoplay; clipboard-write; encrypted-media; gyroscope; picture-in-picture; web-share\" referrerpolicy=\"strict-origin-when-cross-origin\" allowfullscreen><\/iframe><\/div>\n\t\t<\/div>\n\t<\/div>\n\n\t\t\t<\/div> \n\t\t<\/div>\n\t<\/div> \n<\/div><\/div>","protected":false},"excerpt":{"rendered":"Reserva d'entrades Juan Tom\u00e1s de la Mol\u00eda junt amb \u00c1gueda Saavedra presenten un espectacle que reivindica l'ess\u00e8ncia m\u00e9s pura del flamenc, despullat d'artificis i concebut des de l'arrel. Lluny de...","protected":false},"author":4,"featured_media":2938,"comment_status":"closed","ping_status":"closed","sticky":false,"template":"","format":"standard","meta":{"footnotes":""},"categories":[122],"tags":[],"class_list":["post-2933","post","type-post","status-publish","format-standard","has-post-thumbnail","category-edicio-2026"],"yoast_head":"<!-- This site is optimized with the Yoast SEO Premium plugin v19.5 (Yoast SEO v27.8) - https:\/\/yoast.com\/product\/yoast-seo-premium-wordpress\/ -->\n<title>FLAMENGI FESTIVAL<\/title>\n<meta name=\"robots\" content=\"index, follow, max-snippet:-1, max-image-preview:large, max-video-preview:-1\" \/>\n<link rel=\"canonical\" href=\"https:\/\/flamengi.cat\/es\/juan-tomas-de-la-molia-agueda-saavedra-artista-convidada-divendres-27-de-novembre-a-les-20h-al-teathre-millenari-de-touluges-franca\/\" \/>\n<meta property=\"og:locale\" content=\"es_ES\" \/>\n<meta property=\"og:type\" content=\"article\" \/>\n<meta property=\"og:title\" content=\"JUAN TOM\u00c1S DE LA MOL\u00cdA &amp; \u00c1GUEDA SAAVEDRA \u201cARTISTA CONVIDADA\u201d Divendres 27 de novembre a les 20h al Teathre Mil\u00b7lenari de Touluges (Fran\u00e7a)\" \/>\n<meta property=\"og:url\" content=\"https:\/\/flamengi.cat\/es\/juan-tomas-de-la-molia-agueda-saavedra-artista-convidada-divendres-27-de-novembre-a-les-20h-al-teathre-millenari-de-touluges-franca\/\" \/>\n<meta property=\"og:site_name\" content=\"FLAMENGI FESTIVAL\" \/>\n<meta property=\"article:publisher\" content=\"https:\/\/www.facebook.com\/flamengi.festival\" \/>\n<meta property=\"article:published_time\" content=\"2026-08-30T09:13:10+00:00\" \/>\n<meta property=\"article:modified_time\" content=\"2026-09-01T12:03:21+00:00\" \/>\n<meta property=\"og:image\" content=\"http:\/\/flamengi.cat\/wp-content\/uploads\/2026\/08\/FOTO_AGUEDA-SAAVEDRA_2.jpeg\" \/>\n\t<meta property=\"og:image:width\" content=\"732\" \/>\n\t<meta property=\"og:image:height\" content=\"800\" \/>\n\t<meta property=\"og:image:type\" content=\"image\/jpeg\" \/>\n<meta name=\"author\" content=\"Neoserveis\" \/>\n<meta name=\"twitter:card\" content=\"summary_large_image\" \/>\n<meta name=\"twitter:creator\" content=\"@flamengif\" \/>\n<meta name=\"twitter:site\" content=\"@flamengif\" \/>\n<meta name=\"twitter:label1\" content=\"Escrito por\" \/>\n\t<meta name=\"twitter:data1\" content=\"Neoserveis\" \/>\n\t<meta name=\"twitter:label2\" content=\"Tiempo de lectura\" \/>\n\t<meta name=\"twitter:data2\" content=\"4 minutos\" \/>\n<script type=\"application\/ld+json\" class=\"yoast-schema-graph\">{\"@context\":\"https:\\\/\\\/schema.org\",\"@graph\":[{\"@type\":\"Article\",\"@id\":\"https:\\\/\\\/flamengi.cat\\\/juan-tomas-de-la-molia-agueda-saavedra-artista-convidada-divendres-27-de-novembre-a-les-20h-al-teathre-millenari-de-touluges-franca\\\/#article\",\"isPartOf\":{\"@id\":\"https:\\\/\\\/flamengi.cat\\\/juan-tomas-de-la-molia-agueda-saavedra-artista-convidada-divendres-27-de-novembre-a-les-20h-al-teathre-millenari-de-touluges-franca\\\/\"},\"author\":{\"name\":\"Neoserveis\",\"@id\":\"https:\\\/\\\/flamengi.cat\\\/#\\\/schema\\\/person\\\/99252030689047d68b309be665c89c41\"},\"headline\":\"JUAN TOM\u00c1S DE LA MOL\u00cdA &#038; \u00c1GUEDA SAAVEDRA \u201cARTISTA CONVIDADA\u201d Divendres 27 de novembre a les 20h al Teathre Mil\u00b7lenari de Touluges (Fran\u00e7a)\",\"datePublished\":\"2026-08-30T09:13:10+00:00\",\"dateModified\":\"2026-09-01T12:03:21+00:00\",\"mainEntityOfPage\":{\"@id\":\"https:\\\/\\\/flamengi.cat\\\/juan-tomas-de-la-molia-agueda-saavedra-artista-convidada-divendres-27-de-novembre-a-les-20h-al-teathre-millenari-de-touluges-franca\\\/\"},\"wordCount\":1768,\"image\":{\"@id\":\"https:\\\/\\\/flamengi.cat\\\/juan-tomas-de-la-molia-agueda-saavedra-artista-convidada-divendres-27-de-novembre-a-les-20h-al-teathre-millenari-de-touluges-franca\\\/#primaryimage\"},\"thumbnailUrl\":\"https:\\\/\\\/flamengi.cat\\\/wp-content\\\/uploads\\\/2026\\\/08\\\/FOTO_AGUEDA-SAAVEDRA_2.jpeg\",\"articleSection\":[\"Edici\u00f3 2026\"],\"inLanguage\":\"es\"},{\"@type\":\"WebPage\",\"@id\":\"https:\\\/\\\/flamengi.cat\\\/juan-tomas-de-la-molia-agueda-saavedra-artista-convidada-divendres-27-de-novembre-a-les-20h-al-teathre-millenari-de-touluges-franca\\\/\",\"url\":\"https:\\\/\\\/flamengi.cat\\\/juan-tomas-de-la-molia-agueda-saavedra-artista-convidada-divendres-27-de-novembre-a-les-20h-al-teathre-millenari-de-touluges-franca\\\/\",\"name\":\"JUAN TOM\u00c1S DE LA MOL\u00cdA & \u00c1GUEDA SAAVEDRA \u201cARTISTA CONVIDADA\u201d Divendres 27 de novembre a les 20h al Teathre Mil\u00b7lenari de Touluges (Fran\u00e7a) - FLAMENGI FESTIVAL\",\"isPartOf\":{\"@id\":\"https:\\\/\\\/flamengi.cat\\\/#website\"},\"primaryImageOfPage\":{\"@id\":\"https:\\\/\\\/flamengi.cat\\\/juan-tomas-de-la-molia-agueda-saavedra-artista-convidada-divendres-27-de-novembre-a-les-20h-al-teathre-millenari-de-touluges-franca\\\/#primaryimage\"},\"image\":{\"@id\":\"https:\\\/\\\/flamengi.cat\\\/juan-tomas-de-la-molia-agueda-saavedra-artista-convidada-divendres-27-de-novembre-a-les-20h-al-teathre-millenari-de-touluges-franca\\\/#primaryimage\"},\"thumbnailUrl\":\"https:\\\/\\\/flamengi.cat\\\/wp-content\\\/uploads\\\/2026\\\/08\\\/FOTO_AGUEDA-SAAVEDRA_2.jpeg\",\"datePublished\":\"2026-08-30T09:13:10+00:00\",\"dateModified\":\"2026-09-01T12:03:21+00:00\",\"author\":{\"@id\":\"https:\\\/\\\/flamengi.cat\\\/#\\\/schema\\\/person\\\/99252030689047d68b309be665c89c41\"},\"breadcrumb\":{\"@id\":\"https:\\\/\\\/flamengi.cat\\\/juan-tomas-de-la-molia-agueda-saavedra-artista-convidada-divendres-27-de-novembre-a-les-20h-al-teathre-millenari-de-touluges-franca\\\/#breadcrumb\"},\"inLanguage\":\"es\",\"potentialAction\":[{\"@type\":\"ReadAction\",\"target\":[\"https:\\\/\\\/flamengi.cat\\\/juan-tomas-de-la-molia-agueda-saavedra-artista-convidada-divendres-27-de-novembre-a-les-20h-al-teathre-millenari-de-touluges-franca\\\/\"]}]},{\"@type\":\"ImageObject\",\"inLanguage\":\"es\",\"@id\":\"https:\\\/\\\/flamengi.cat\\\/juan-tomas-de-la-molia-agueda-saavedra-artista-convidada-divendres-27-de-novembre-a-les-20h-al-teathre-millenari-de-touluges-franca\\\/#primaryimage\",\"url\":\"https:\\\/\\\/flamengi.cat\\\/wp-content\\\/uploads\\\/2026\\\/08\\\/FOTO_AGUEDA-SAAVEDRA_2.jpeg\",\"contentUrl\":\"https:\\\/\\\/flamengi.cat\\\/wp-content\\\/uploads\\\/2026\\\/08\\\/FOTO_AGUEDA-SAAVEDRA_2.jpeg\",\"width\":732,\"height\":800},{\"@type\":\"BreadcrumbList\",\"@id\":\"https:\\\/\\\/flamengi.cat\\\/juan-tomas-de-la-molia-agueda-saavedra-artista-convidada-divendres-27-de-novembre-a-les-20h-al-teathre-millenari-de-touluges-franca\\\/#breadcrumb\",\"itemListElement\":[{\"@type\":\"ListItem\",\"position\":1,\"name\":\"Inici\",\"item\":\"https:\\\/\\\/flamengi.cat\\\/\"},{\"@type\":\"ListItem\",\"position\":2,\"name\":\"JUAN TOM\u00c1S DE LA MOL\u00cdA &#038; \u00c1GUEDA SAAVEDRA \u201cARTISTA CONVIDADA\u201d Divendres 27 de novembre a les 20h al Teathre Mil\u00b7lenari de Touluges (Fran\u00e7a)\"}]},{\"@type\":\"WebSite\",\"@id\":\"https:\\\/\\\/flamengi.cat\\\/#website\",\"url\":\"https:\\\/\\\/flamengi.cat\\\/\",\"name\":\"FLAMENGI FESTIVAL\",\"description\":\"Festival Flamenc de Girona\",\"potentialAction\":[{\"@type\":\"SearchAction\",\"target\":{\"@type\":\"EntryPoint\",\"urlTemplate\":\"https:\\\/\\\/flamengi.cat\\\/?s={search_term_string}\"},\"query-input\":{\"@type\":\"PropertyValueSpecification\",\"valueRequired\":true,\"valueName\":\"search_term_string\"}}],\"inLanguage\":\"es\"},{\"@type\":\"Person\",\"@id\":\"https:\\\/\\\/flamengi.cat\\\/#\\\/schema\\\/person\\\/99252030689047d68b309be665c89c41\",\"name\":\"Neoserveis\",\"image\":{\"@type\":\"ImageObject\",\"inLanguage\":\"es\",\"@id\":\"https:\\\/\\\/secure.gravatar.com\\\/avatar\\\/d8d15510fd9d2ea0dab012c24b4fd873280996e13c5f523dcfe6d9310d6cd5ac?s=96&d=mm&r=g\",\"url\":\"https:\\\/\\\/secure.gravatar.com\\\/avatar\\\/d8d15510fd9d2ea0dab012c24b4fd873280996e13c5f523dcfe6d9310d6cd5ac?s=96&d=mm&r=g\",\"contentUrl\":\"https:\\\/\\\/secure.gravatar.com\\\/avatar\\\/d8d15510fd9d2ea0dab012c24b4fd873280996e13c5f523dcfe6d9310d6cd5ac?s=96&d=mm&r=g\",\"caption\":\"Neoserveis\"},\"url\":\"https:\\\/\\\/flamengi.cat\\\/es\\\/author\\\/neoserveis\\\/\"}]}<\/script>\n<!-- \/ Yoast SEO Premium plugin. -->","yoast_head_json":{"title":"FLAMENGI FESTIVAL","robots":{"index":"index","follow":"follow","max-snippet":"max-snippet:-1","max-image-preview":"max-image-preview:large","max-video-preview":"max-video-preview:-1"},"canonical":"https:\/\/flamengi.cat\/es\/juan-tomas-de-la-molia-agueda-saavedra-artista-convidada-divendres-27-de-novembre-a-les-20h-al-teathre-millenari-de-touluges-franca\/","og_locale":"es_ES","og_type":"article","og_title":"JUAN TOM\u00c1S DE LA MOL\u00cdA & \u00c1GUEDA SAAVEDRA \u201cARTISTA CONVIDADA\u201d Divendres 27 de novembre a les 20h al Teathre Mil\u00b7lenari de Touluges (Fran\u00e7a)","og_url":"https:\/\/flamengi.cat\/es\/juan-tomas-de-la-molia-agueda-saavedra-artista-convidada-divendres-27-de-novembre-a-les-20h-al-teathre-millenari-de-touluges-franca\/","og_site_name":"FLAMENGI FESTIVAL","article_publisher":"https:\/\/www.facebook.com\/flamengi.festival","article_published_time":"2026-08-30T09:13:10+00:00","article_modified_time":"2026-09-01T12:03:21+00:00","og_image":[{"width":732,"height":800,"url":"http:\/\/flamengi.cat\/wp-content\/uploads\/2026\/08\/FOTO_AGUEDA-SAAVEDRA_2.jpeg","type":"image\/jpeg"}],"author":"Neoserveis","twitter_card":"summary_large_image","twitter_creator":"@flamengif","twitter_site":"@flamengif","twitter_misc":{"Escrito por":"Neoserveis","Tiempo de lectura":"4 minutos"},"schema":{"@context":"https:\/\/schema.org","@graph":[{"@type":"Article","@id":"https:\/\/flamengi.cat\/juan-tomas-de-la-molia-agueda-saavedra-artista-convidada-divendres-27-de-novembre-a-les-20h-al-teathre-millenari-de-touluges-franca\/#article","isPartOf":{"@id":"https:\/\/flamengi.cat\/juan-tomas-de-la-molia-agueda-saavedra-artista-convidada-divendres-27-de-novembre-a-les-20h-al-teathre-millenari-de-touluges-franca\/"},"author":{"name":"Neoserveis","@id":"https:\/\/flamengi.cat\/#\/schema\/person\/99252030689047d68b309be665c89c41"},"headline":"JUAN TOM\u00c1S DE LA MOL\u00cdA &#038; \u00c1GUEDA SAAVEDRA \u201cARTISTA CONVIDADA\u201d Divendres 27 de novembre a les 20h al Teathre Mil\u00b7lenari de Touluges (Fran\u00e7a)","datePublished":"2026-08-30T09:13:10+00:00","dateModified":"2026-09-01T12:03:21+00:00","mainEntityOfPage":{"@id":"https:\/\/flamengi.cat\/juan-tomas-de-la-molia-agueda-saavedra-artista-convidada-divendres-27-de-novembre-a-les-20h-al-teathre-millenari-de-touluges-franca\/"},"wordCount":1768,"image":{"@id":"https:\/\/flamengi.cat\/juan-tomas-de-la-molia-agueda-saavedra-artista-convidada-divendres-27-de-novembre-a-les-20h-al-teathre-millenari-de-touluges-franca\/#primaryimage"},"thumbnailUrl":"https:\/\/flamengi.cat\/wp-content\/uploads\/2026\/08\/FOTO_AGUEDA-SAAVEDRA_2.jpeg","articleSection":["Edici\u00f3 2026"],"inLanguage":"es"},{"@type":"WebPage","@id":"https:\/\/flamengi.cat\/juan-tomas-de-la-molia-agueda-saavedra-artista-convidada-divendres-27-de-novembre-a-les-20h-al-teathre-millenari-de-touluges-franca\/","url":"https:\/\/flamengi.cat\/juan-tomas-de-la-molia-agueda-saavedra-artista-convidada-divendres-27-de-novembre-a-les-20h-al-teathre-millenari-de-touluges-franca\/","name":"JUAN TOM\u00c1S DE LA MOL\u00cdA & \u00c1GUEDA SAAVEDRA \u201cARTISTA CONVIDADA\u201d Divendres 27 de novembre a les 20h al Teathre Mil\u00b7lenari de Touluges (Fran\u00e7a) - FLAMENGI FESTIVAL","isPartOf":{"@id":"https:\/\/flamengi.cat\/#website"},"primaryImageOfPage":{"@id":"https:\/\/flamengi.cat\/juan-tomas-de-la-molia-agueda-saavedra-artista-convidada-divendres-27-de-novembre-a-les-20h-al-teathre-millenari-de-touluges-franca\/#primaryimage"},"image":{"@id":"https:\/\/flamengi.cat\/juan-tomas-de-la-molia-agueda-saavedra-artista-convidada-divendres-27-de-novembre-a-les-20h-al-teathre-millenari-de-touluges-franca\/#primaryimage"},"thumbnailUrl":"https:\/\/flamengi.cat\/wp-content\/uploads\/2026\/08\/FOTO_AGUEDA-SAAVEDRA_2.jpeg","datePublished":"2026-08-30T09:13:10+00:00","dateModified":"2026-09-01T12:03:21+00:00","author":{"@id":"https:\/\/flamengi.cat\/#\/schema\/person\/99252030689047d68b309be665c89c41"},"breadcrumb":{"@id":"https:\/\/flamengi.cat\/juan-tomas-de-la-molia-agueda-saavedra-artista-convidada-divendres-27-de-novembre-a-les-20h-al-teathre-millenari-de-touluges-franca\/#breadcrumb"},"inLanguage":"es","potentialAction":[{"@type":"ReadAction","target":["https:\/\/flamengi.cat\/juan-tomas-de-la-molia-agueda-saavedra-artista-convidada-divendres-27-de-novembre-a-les-20h-al-teathre-millenari-de-touluges-franca\/"]}]},{"@type":"ImageObject","inLanguage":"es","@id":"https:\/\/flamengi.cat\/juan-tomas-de-la-molia-agueda-saavedra-artista-convidada-divendres-27-de-novembre-a-les-20h-al-teathre-millenari-de-touluges-franca\/#primaryimage","url":"https:\/\/flamengi.cat\/wp-content\/uploads\/2026\/08\/FOTO_AGUEDA-SAAVEDRA_2.jpeg","contentUrl":"https:\/\/flamengi.cat\/wp-content\/uploads\/2026\/08\/FOTO_AGUEDA-SAAVEDRA_2.jpeg","width":732,"height":800},{"@type":"BreadcrumbList","@id":"https:\/\/flamengi.cat\/juan-tomas-de-la-molia-agueda-saavedra-artista-convidada-divendres-27-de-novembre-a-les-20h-al-teathre-millenari-de-touluges-franca\/#breadcrumb","itemListElement":[{"@type":"ListItem","position":1,"name":"Inici","item":"https:\/\/flamengi.cat\/"},{"@type":"ListItem","position":2,"name":"JUAN TOM\u00c1S DE LA MOL\u00cdA &#038; \u00c1GUEDA SAAVEDRA \u201cARTISTA CONVIDADA\u201d Divendres 27 de novembre a les 20h al Teathre Mil\u00b7lenari de Touluges (Fran\u00e7a)"}]},{"@type":"WebSite","@id":"https:\/\/flamengi.cat\/#website","url":"https:\/\/flamengi.cat\/","name":"FLAMENGI FESTIVAL","description":"Festival Flamenc de Girona","potentialAction":[{"@type":"SearchAction","target":{"@type":"EntryPoint","urlTemplate":"https:\/\/flamengi.cat\/?s={search_term_string}"},"query-input":{"@type":"PropertyValueSpecification","valueRequired":true,"valueName":"search_term_string"}}],"inLanguage":"es"},{"@type":"Person","@id":"https:\/\/flamengi.cat\/#\/schema\/person\/99252030689047d68b309be665c89c41","name":"Neoserveis","image":{"@type":"ImageObject","inLanguage":"es","@id":"https:\/\/secure.gravatar.com\/avatar\/d8d15510fd9d2ea0dab012c24b4fd873280996e13c5f523dcfe6d9310d6cd5ac?s=96&d=mm&r=g","url":"https:\/\/secure.gravatar.com\/avatar\/d8d15510fd9d2ea0dab012c24b4fd873280996e13c5f523dcfe6d9310d6cd5ac?s=96&d=mm&r=g","contentUrl":"https:\/\/secure.gravatar.com\/avatar\/d8d15510fd9d2ea0dab012c24b4fd873280996e13c5f523dcfe6d9310d6cd5ac?s=96&d=mm&r=g","caption":"Neoserveis"},"url":"https:\/\/flamengi.cat\/es\/author\/neoserveis\/"}]}},"_links":{"self":[{"href":"https:\/\/flamengi.cat\/es\/wp-json\/wp\/v2\/posts\/2933","targetHints":{"allow":["GET"]}}],"collection":[{"href":"https:\/\/flamengi.cat\/es\/wp-json\/wp\/v2\/posts"}],"about":[{"href":"https:\/\/flamengi.cat\/es\/wp-json\/wp\/v2\/types\/post"}],"author":[{"embeddable":true,"href":"https:\/\/flamengi.cat\/es\/wp-json\/wp\/v2\/users\/4"}],"replies":[{"embeddable":true,"href":"https:\/\/flamengi.cat\/es\/wp-json\/wp\/v2\/comments?post=2933"}],"version-history":[{"count":9,"href":"https:\/\/flamengi.cat\/es\/wp-json\/wp\/v2\/posts\/2933\/revisions"}],"predecessor-version":[{"id":2968,"href":"https:\/\/flamengi.cat\/es\/wp-json\/wp\/v2\/posts\/2933\/revisions\/2968"}],"wp:featuredmedia":[{"embeddable":true,"href":"https:\/\/flamengi.cat\/es\/wp-json\/wp\/v2\/media\/2938"}],"wp:attachment":[{"href":"https:\/\/flamengi.cat\/es\/wp-json\/wp\/v2\/media?parent=2933"}],"wp:term":[{"taxonomy":"category","embeddable":true,"href":"https:\/\/flamengi.cat\/es\/wp-json\/wp\/v2\/categories?post=2933"},{"taxonomy":"post_tag","embeddable":true,"href":"https:\/\/flamengi.cat\/es\/wp-json\/wp\/v2\/tags?post=2933"}],"curies":[{"name":"wp","href":"https:\/\/api.w.org\/{rel}","templated":true}]}}